{"id":3471,"date":"2018-09-24T09:51:11","date_gmt":"2018-09-24T07:51:11","guid":{"rendered":"https:\/\/www.hymexia.ch\/2018\/09\/24\/salon-de-l-auto-2018-apercu-des-nouveautes\/"},"modified":"2018-09-24T09:51:11","modified_gmt":"2018-09-24T07:51:11","slug":"salon-de-l-auto-2018-apercu-des-nouveautes","status":"publish","type":"post","link":"https:\/\/www.hymexia.ch\/de\/salon-de-l-auto-2018-apercu-des-nouveautes\/","title":{"rendered":"Salon de l&#8217;auto 2018 &#8211; Aper\u00e7u des nouveaut\u00e9s"},"content":{"rendered":"<p style=\"text-align: justify;\"><span style=\"color: #000000;\">Les usagers de la route, que ce soit au sein d&#8217;une collectivit\u00e9 publique ou dans le cadre priv\u00e9, sont de plus en plus inquiets de leur empreinte \u00e9cologique. Fort de ce constat, les constructeurs ont tous d\u00e9velopp\u00e9s une strat\u00e9gie plus ou moins actives destin\u00e9e soit \u00e0 rassurer l&#8217;utilisateur sur les technologies utilis\u00e9e actuellement soit \u00e0 anticiper ce besoin d&#8217;\u00e9cologie par des innovations. Le salon de l&#8217;auto permet d&#8217;imaginer quelles seront les solutions propos\u00e9es demain et offre une vue d&#8217;ensemble des technologies actuelles.<\/span><\/p>\n<hr \/>\n<h1><span style=\"color: #000000;\"><strong>Une r\u00e8glementation toujours plus s\u00e9v\u00e8re<\/strong><\/span><\/h1>\n<p style=\"text-align: justify;\"><span style=\"color: #000000;\">Le &#8222;Nouveau cycle europ\u00e9en de conduite&#8220; (ou NEDC en anglais), n&#8217;a de nouveau plus que le nom. Bien qu&#8217;il e\u00fbt le m\u00e9rite de permettre une comparaison de la consommation entre diff\u00e9rents v\u00e9hicules d&#8217;une m\u00eame cat\u00e9gorie, les valeurs mesur\u00e9es lors de ce test ne cessaient, depuis sa mise en vigueur en 1973, de s&#8217;\u00e9loigner de celles constat\u00e9es lors d&#8217;une utilisation en conditions r\u00e9elles. Le WLTP\/WLTC (Worldwide Harmonized Light-Duty Vehicles Test Procedures ou Cycle) qui remplacera d\u00e9finitivement le NEDC en septembre 2018 se veut \u00eatre un test mesurant des consommations plus r\u00e9alistes. Le WLTC comportera notamment des acc\u00e9l\u00e9rations plus franches une vitesse moyenne plus \u00e9lev\u00e9e ainsi que la prise en compte plus honn\u00eate de l&#8217;a\u00e9rodynamique et du poids du v\u00e9hicule (pour un v\u00e9hicule tout option).<\/span><\/p>\n<p style=\"text-align: justify;\"><span style=\"color: #000000;\">Les normes anti-pollution sont quant \u00e0 elles en constante \u00e9volution vers des valeurs limites plus restrictives. Pour les moteurs Diesel, d\u00e8s le 1<sup>er<\/sup> septembre 2018, seuls des v\u00e9hicules r\u00e9pondant \u00e0 la norme transitoire Euro 6c valable jusqu&#8217;au 1<sup>er<\/sup> septembre 2019 pourront \u00eatre vendus, date \u00e0 partir de laquelle la norme Euro 6d-temp entrera en vigueur. D\u00e8s le 1<sup>er<\/sup> septembre 2019, les \u00e9missions seront non seulement mesur\u00e9es \u00e0 l&#8217;aide du WLTC mais \u00e9galement avec le RDE. Le RDE (Real Driving Emission test en anglais) est comme son nom l&#8217;indique un test en conditions r\u00e9elles visant \u00e0 v\u00e9rifier les valeurs d&#8217;\u00e9missions de NO<sub>x<\/sub> mesur\u00e9es en laboratoire lors du WLTC (ces valeurs ne pourront pas d\u00e9passer celle mesur\u00e9e en laboratoire de plus de 2,1x et de plus de 1.5x d\u00e8s 2021).<\/span><\/p>\n<p style=\"text-align: justify;\"><span style=\"color: #000000;\"><a style=\"color: #000000;\" href=\"https:\/\/www.hymexia.ch\/wp-content\/uploads\/2018\/09\/tableau_nedc_wltc.svg\"><img decoding=\"async\" class=\"alignnone size-full wp-image-2265\" src=\"https:\/\/www.hymexia.ch\/wp-content\/uploads\/2018\/09\/tableau_nedc_wltc.svg\" alt=\"\" \/><\/a><\/span><\/p>\n<hr \/>\n<h1><span style=\"color: #000000;\"><strong>Tendances actuelles \u2013 Aper\u00e7u des nouveaut\u00e9s<\/strong><\/span><\/h1>\n<h3><span style=\"color: #000000;\"><strong>Le tout \u00e9lectrique<\/strong><\/span><\/h3>\n<p style=\"text-align: justify;\"><span style=\"color: #000000;\">Critiqu\u00e9 par leur manque d&#8217;autonomie et l&#8217;\u00e9nergie grise qu&#8217;engendre la production de leur batterie, les v\u00e9hicules \u00e9lectriques repr\u00e9sentent n\u00e9anmoins une solution viable et \u00e9cologique pour les courts trajet (selon le microrecensement mobilit\u00e9 et transport r\u00e9alis\u00e9 par l&#8217;OFS publi\u00e9 en 2017, la distance moyenne parcourue par jour est de 36.8km). Il faut \u00e9galement remarquer que sur sa dur\u00e9e de vie compl\u00e8te, l&#8217;\u00e9nergie et les ressources n\u00e9cessaires \u00e0 la fabrication du v\u00e9hicule sont compens\u00e9es par la quasi absence de rejets de polluants pendant son utilisation.<\/span><\/p>\n<p style=\"text-align: justify;\"><span style=\"color: #000000;\"><strong>Innovations : <\/strong>l&#8217;autonomie progresse chez tous les constructeurs. L&#8217;une des innovations majeures est le fait de Mitsubishi. Le constructeur propose des batteries modulaires qui permettent le remplacement d&#8217;un seul \u00e9l\u00e9ment qui serait d\u00e9fectueux ou aurait perdu sa capacit\u00e9 nominale. Cela permet de garder une autonomie raisonnable et de ne changer que l&#8217;\u00e9l\u00e9ment incrimin\u00e9 plut\u00f4t que de devoir remplacer la batterie compl\u00e8te.<\/span><\/p>\n<h3><span style=\"color: #000000;\"><strong>Les moteurs thermiques \u00e0 basse consommation<\/strong><\/span><\/h3>\n<p style=\"text-align: justify;\"><span style=\"color: #000000;\">Parmi les moyens permettant de faire baisser la consommation des v\u00e9hicules &#8222;classiques&#8220; \u00e0 moteur thermique, l&#8217;un d&#8217;entre eux est particuli\u00e8rement r\u00e9pandu depuis maintenant quelques ann\u00e9es, il s&#8217;agit du &#8222;downsizing&#8220;. Cette pratique consiste \u00e0 utiliser des moteurs thermiques \u00e0 faible cylindr\u00e9e parfois suraliment\u00e9s (moteurs turbo), parfois dot\u00e9s de 3 cylindres plut\u00f4t que 4. R\u00e9serv\u00e9 aux petites citadines dans un premier temps (segment Peugeot 107, Citroen C Zero, VW up), cette pratique s&#8217;\u00e9tend au segment sup\u00e9rieur. Le principal avantage de ces moteurs est leur faible consommation de carburant et donc leurs faibles \u00e9missions de CO<sub>2<\/sub>.<\/span><\/p>\n<p style=\"text-align: justify;\"><span style=\"color: #000000;\"><strong>Innovations :<\/strong> Le bruit et les vibrations (pour les moteurs 3 cylindres), et le manque de couple \u00e0 bas r\u00e9gime de ces petits moteurs ne sont plus d&#8217;actualit\u00e9. Les probl\u00e8mes d&#8217;\u00e9quilibrages et de souplesse ont \u00e9t\u00e9 r\u00e9gl\u00e9s. Il est m\u00eame difficile \u00e0 l&#8217;oreille et \u00e0 l&#8217;\u0153il non avertis de distinguer un moteur 3 cylindres d&#8217;un moteur conventionnel 4 cylindre.<\/span><\/p>\n<h3><span style=\"color: #000000;\"><strong>Les v\u00e9hicules hybrides<\/strong><\/span><\/h3>\n<p style=\"text-align: justify;\"><span style=\"color: #000000;\">Les motorisations hybrides permettent de faire diminuer les \u00e9missions tout en maintenant la m\u00eame autonomie. Le nouveau cycle WLTC, plus s\u00e9v\u00e8re et plus rigoureux, risque cependant de faire baisser les r\u00e9sultats parfois excellents des v\u00e9hicules hybrides. En effet, ils \u00e9taient capables de faire une partie du test NEDC en mode &#8222;tout \u00e9lectrique&#8220;, cette part va diminuer avec le nouveau cycle WLTC.<\/span><\/p>\n<p style=\"text-align: justify;\"><span style=\"color: #000000;\"><strong>Innovations :<\/strong> l&#8217;autonomie, la vitesse maximale ainsi que la puissance de la partie \u00e9lectrique augmentent.<\/span><\/p>\n<h3><span style=\"color: #000000;\"><strong>Les v\u00e9hicules \u00e0 biocarburants<\/strong><\/span><\/h3>\n<p style=\"text-align: justify;\"><span style=\"color: #000000;\">Les v\u00e9hicules \u00e0 biocarburants (biodiesel, bio\u00e9thanol) ne font pas l&#8217;objet d&#8217;un fort engouement ni d&#8217;une forte publicit\u00e9 en Suisse. Ils constituent cependant un moyen peu on\u00e9reux de polluer moins.<\/span><\/p>\n<p style=\"text-align: justify;\"><span style=\"color: #000000;\">Les v\u00e9hicules \u00e0 gaz naturel (gaz contenant une part de biogaz) continuent leur progression sur le march\u00e9. En ce qui concerne les voitures de tourisme, ces v\u00e9hicules offrent les m\u00eames performances et le m\u00eame \u00e9quipement que leur homologue essence ou diesel (seul le coffre perd une petite partie de son volume).<\/span><\/p>\n<p style=\"text-align: justify;\"><span style=\"color: #000000;\"><strong>Innovations : <\/strong>toujours plus de constructeur proposent des versions gaz naturel de leurs v\u00e9hicules.<\/span><\/p>\n<hr \/>\n<h1><span style=\"color: #000000;\"><strong>Orientation du march\u00e9 \u2013 D\u00e9veloppement futur<\/strong><\/span><\/h1>\n<p style=\"text-align: justify;\"><span style=\"color: #000000;\">Les v\u00e9hicules utilisant des piles \u00e0 combustibles \u00e0 hydrog\u00e8ne sont en d\u00e9veloppement depuis de nombreuses ann\u00e9es. Cela fait \u00e9galement de nombreuses ann\u00e9es que des prototypes ont prouv\u00e9s qu&#8217;il s&#8217;agissait d&#8217;un mode de propulsion fiable et avantageux. Pourquoi voit-on si peu de ces v\u00e9hicules sur nos routes ? Car les infrastructures n\u00e9cessaires \u00e0 la production, au transport et l&#8217;avitaillement de cet hydrog\u00e8ne sont encore peu d\u00e9velopp\u00e9s dans notre pays. Pourtant, cela pourrait changer si l&#8217;on en croit ce qui a \u00e9t\u00e9 vu \u00e0 ce salon de l&#8217;auto 2018 et ce qui est pr\u00e9sent\u00e9 \u00e0 l&#8217;EMPA (voir encadr\u00e9).<\/span><\/p>\n<p style=\"text-align: justify;\"><span style=\"color: #000000;\">La v\u00e9ritable nouveaut\u00e9 de ce salon est la pr\u00e9sence pour la premi\u00e8re fois de l&#8217;Union P\u00e9troli\u00e8re suisse. L&#8217;Union P\u00e9troli\u00e8re (UP) repr\u00e9sente avec ses 27 membres, 95% des importations de p\u00e9trole brut et de produits p\u00e9troliers. Sur son stand, en collaboration avec l&#8217;EMPA, l&#8217;Union P\u00e9troli\u00e8re suisse pr\u00e9sentait un d\u00e9monstrateur de station de remplissage \u00e0 hydrog\u00e8ne. Tout comme le gaz naturel, l&#8217;hydrog\u00e8ne souffre d&#8217;un d\u00e9ficit d&#8217;image en mati\u00e8re de s\u00e9curit\u00e9 en raison de son stockage sous pression. Ce stockage ne repr\u00e9sente cependant pas un danger sup\u00e9rieur \u00e0 celui d&#8217;un r\u00e9servoir d&#8217;essence.<\/span><\/p>\n<p style=\"text-align: justify;\"><span style=\"color: #000000;\">Les stations \u00e0 hydrog\u00e8ne sont encore rares en Suisse mais cela pourrait changer. En effet, l&#8217;UP soutient l&#8217;arriv\u00e9e de ce carburant sur le march\u00e9 et sept de ses membres dont notamment (Migros, Coop, Avia et Agrola) ont annonc\u00e9 la cr\u00e9ation d&#8217;une association afin de cr\u00e9er un r\u00e9seau national de distribution notamment dans le but d&#8217;exploiter leur propre flotte exclusivement au moyen d&#8217;hydrog\u00e8ne d\u00e8s 2023.<\/span><\/p>\n<table>\n<tbody>\n<tr>\n<td width=\"453\">\n<h4><span style=\"color: #000000;\"><strong>Concept &#8222;move&#8220;, d\u00e9monstrateur de l&#8217;\u00e9nergie du futur de l&#8217;EMPA<\/strong><\/span><\/h4>\n<p><span style=\"color: #000000;\"><img decoding=\"async\" class=\"alignnone size-full wp-image-2266\" src=\"https:\/\/www.hymexia.ch\/wp-content\/uploads\/2018\/09\/projet_move.svg\" alt=\"\" \/><\/span><\/td>\n<\/tr>\n<tr>\n<td width=\"453\">\n<p style=\"text-align: justify;\"><span style=\"color: #000000;\">Les modes de production et de consommation d&#8217;\u00e9nergie actuels sont remis en cause. La politique \u00e9nerg\u00e9tique vise \u00e0 r\u00e9duire les \u00e9missions de gaz \u00e0 effets de serre et de polluants. Les carburants fossiles, bien qu&#8217;int\u00e9ressants par leur densit\u00e9 \u00e9nerg\u00e9tique, ne permettent pas d&#8217;atteindre les objectifs fix\u00e9s.<\/span><\/p>\n<p style=\"text-align: justify;\"><span style=\"color: #000000;\">La source d&#8217;\u00e9nergie principale destin\u00e9e \u00e0 remplacer les carburants fossiles est l&#8217;\u00e9lectricit\u00e9 produite \u00e0 partir d&#8217;\u00e9nergie renouvelable. Les barrages sont tr\u00e8s int\u00e9ressants car ils permettent une production d&#8217;\u00e9nergie modulable en fonction de la demande. Ce n&#8217;est pas le cas des centrales photovolta\u00efques ou \u00e9oliennes. \u00c0 certaines p\u00e9riodes, il en r\u00e9sulte une production d&#8217;\u00e9nergie sup\u00e9rieure \u00e0 la demande (le concept se base sur une projection du mix \u00e9lectrique en 2035).<\/span><\/p>\n<p style=\"text-align: justify;\"><span style=\"color: #000000;\">L&#8217;une des solutions propos\u00e9es par l&#8217;EMPA afin d&#8217;exploiter cette \u00e9nergie \u00e9lectrique exc\u00e9dentaire est de produire de l&#8217;hydrog\u00e8ne par \u00e9lectrolyse lors de ces pics de production d&#8217;\u00e9lectricit\u00e9. Cet hydrog\u00e8ne pourra alors servir \u00e0 la mobilit\u00e9, soit directement dans des v\u00e9hicules utilisant une pile \u00e0 combustible soit apr\u00e8s m\u00e9thanisation dans un v\u00e9hicule \u00e0 gaz naturel. Une autre possibilit\u00e9 consiste en un m\u00e9lange de biogaz (ou de gaz naturel fossile) et d&#8217;hydrog\u00e8ne (jusqu&#8217;\u00e0 25%) d\u00e9nomm\u00e9 HCNG.<\/span><\/p>\n<\/td>\n<\/tr>\n<\/tbody>\n<\/table>\n<p><a href=\"https:\/\/www.hymexia.ch\/wp-content\/uploads\/2018\/09\/Hymexia_Visite_Geneva_International_Motor_Show_2018.pdf\" target=\"_blank\" rel=\"noopener noreferrer\"><img loading=\"lazy\" decoding=\"async\" class=\"alignleft wp-image-2276\" src=\"https:\/\/www.hymexia.ch\/wp-content\/uploads\/2018\/09\/pdf.svg\" alt=\"\" width=\"41\" height=\"43\" \/><\/a><\/p>\n<p><a href=\"https:\/\/www.hymexia.ch\/wp-content\/uploads\/2018\/09\/Hymexia_Visite_Geneva_International_Motor_Show_2018.pdf\" target=\"_blank\" rel=\"noopener noreferrer\">\u00a0<\/a><a href=\"https:\/\/www.hymexia.ch\/wp-content\/uploads\/2018\/09\/Hymexia_Visite_Geneva_International_Motor_Show_2018.pdf\" target=\"_blank\" rel=\"noopener noreferrer\">T\u00e9l\u00e9charger la version pdf de cet article<\/a><\/p>\n","protected":false},"excerpt":{"rendered":"Les usagers de la route, que ce soit au sein d&#8217;une collectivit\u00e9 publique ou dans le cadre priv\u00e9, sont de plus en plus inquiets de leur empreinte \u00e9cologique. Fort de ce constat, les constructeurs ont tous d\u00e9velopp\u00e9s une strat\u00e9gie plus ou moins actives destin\u00e9e soit \u00e0 rassurer l&#8217;utilisateur sur les technologies utilis\u00e9e actuellement soit \u00e0 anticiper ce besoin d&#8217;\u00e9cologie par des innovations. Le salon de l&#8217;auto permet d&#8217;imaginer quelles seront les solutions propos\u00e9es demain et offre une vue d&#8217;ensemble des technologies actuelles. Une r\u00e8glementation toujours plus s\u00e9v\u00e8re Le &#8222;Nouveau cycle europ\u00e9en de conduite&#8220; (ou NEDC en anglais), n&#8217;a de nouveau plus que le nom. Bien qu&#8217;il e\u00fbt le m\u00e9rite de permettre une comparaison de la consommation entre diff\u00e9rents v\u00e9hicules d&#8217;une m\u00eame cat\u00e9gorie, les valeurs mesur\u00e9es lors de ce test ne cessaient, depuis sa mise en vigueur en 1973, de s&#8217;\u00e9loigner de celles constat\u00e9es lors d&#8217;une utilisation en conditions r\u00e9elles. Le WLTP\/WLTC (Worldwide Harmonized Light-Duty Vehicles Test Procedures ou Cycle) qui remplacera d\u00e9finitivement le NEDC en septembre 2018 se veut \u00eatre un test mesurant des consommations plus r\u00e9alistes. Le WLTC comportera notamment des acc\u00e9l\u00e9rations plus franches une vitesse moyenne plus \u00e9lev\u00e9e ainsi que la prise en compte plus honn\u00eate de l&#8217;a\u00e9rodynamique et du poids du v\u00e9hicule (pour un v\u00e9hicule tout option). Les normes anti-pollution sont quant \u00e0 elles en constante \u00e9volution vers des valeurs limites plus restrictives. Pour les moteurs Diesel, d\u00e8s le 1er septembre 2018, seuls des v\u00e9hicules r\u00e9pondant \u00e0 la norme transitoire Euro 6c valable jusqu&#8217;au 1er septembre 2019 pourront \u00eatre vendus, date \u00e0 partir de laquelle la norme Euro 6d-temp entrera en vigueur. D\u00e8s le 1er septembre 2019, les \u00e9missions seront non seulement mesur\u00e9es \u00e0 l&#8217;aide du WLTC mais \u00e9galement avec le RDE. Le RDE (Real Driving Emission test en anglais) est comme son nom l&#8217;indique un test en conditions r\u00e9elles visant \u00e0 v\u00e9rifier les valeurs d&#8217;\u00e9missions de NOx mesur\u00e9es en laboratoire lors du WLTC (ces valeurs ne pourront pas d\u00e9passer celle mesur\u00e9e en laboratoire de plus de 2,1x et de plus de 1.5x d\u00e8s 2021). Tendances actuelles \u2013 Aper\u00e7u des nouveaut\u00e9s Le tout \u00e9lectrique Critiqu\u00e9 par leur manque d&#8217;autonomie et l&#8217;\u00e9nergie grise qu&#8217;engendre la production de leur batterie, les v\u00e9hicules \u00e9lectriques repr\u00e9sentent n\u00e9anmoins une solution viable et \u00e9cologique pour les courts trajet (selon le microrecensement mobilit\u00e9 et transport r\u00e9alis\u00e9 par l&#8217;OFS publi\u00e9 en 2017, la distance moyenne parcourue par jour est de 36.8km). Il faut \u00e9galement remarquer que sur sa dur\u00e9e de vie compl\u00e8te, l&#8217;\u00e9nergie et les ressources n\u00e9cessaires \u00e0 la fabrication du v\u00e9hicule sont compens\u00e9es par la quasi absence de rejets de polluants pendant son utilisation. Innovations : l&#8217;autonomie progresse chez tous les constructeurs. L&#8217;une des innovations majeures est le fait de Mitsubishi. Le constructeur propose des batteries modulaires qui permettent le remplacement d&#8217;un seul \u00e9l\u00e9ment qui serait d\u00e9fectueux ou aurait perdu sa capacit\u00e9 nominale. Cela permet de garder une autonomie raisonnable et de ne changer que l&#8217;\u00e9l\u00e9ment incrimin\u00e9 plut\u00f4t que de devoir remplacer la batterie compl\u00e8te. Les moteurs thermiques \u00e0 basse consommation Parmi les moyens permettant de faire baisser la consommation des v\u00e9hicules &#8222;classiques&#8220; \u00e0 moteur thermique, l&#8217;un d&#8217;entre eux est particuli\u00e8rement r\u00e9pandu depuis maintenant quelques ann\u00e9es, il s&#8217;agit du &#8222;downsizing&#8220;. Cette pratique consiste \u00e0 utiliser des moteurs thermiques \u00e0 faible cylindr\u00e9e parfois suraliment\u00e9s (moteurs turbo), parfois dot\u00e9s de 3 cylindres plut\u00f4t que 4. R\u00e9serv\u00e9 aux petites citadines dans un premier temps (segment Peugeot 107, Citroen C Zero, VW up), cette pratique s&#8217;\u00e9tend au segment sup\u00e9rieur. Le principal avantage de ces moteurs est leur faible consommation de carburant et donc leurs faibles \u00e9missions de CO2. Innovations : Le bruit et les vibrations (pour les moteurs 3 cylindres), et le manque de couple \u00e0 bas r\u00e9gime de ces petits moteurs ne sont plus d&#8217;actualit\u00e9. Les probl\u00e8mes d&#8217;\u00e9quilibrages et de souplesse ont \u00e9t\u00e9 r\u00e9gl\u00e9s. Il est m\u00eame difficile \u00e0 l&#8217;oreille et \u00e0 l&#8217;\u0153il non avertis de distinguer un moteur 3 cylindres d&#8217;un moteur conventionnel 4 cylindre. Les v\u00e9hicules hybrides Les motorisations hybrides permettent de faire diminuer les \u00e9missions tout en maintenant la m\u00eame autonomie. Le nouveau cycle WLTC, plus s\u00e9v\u00e8re et plus rigoureux, risque cependant de faire baisser les r\u00e9sultats parfois excellents des v\u00e9hicules hybrides. En effet, ils \u00e9taient capables de faire une partie du test NEDC en mode &#8222;tout \u00e9lectrique&#8220;, cette part va diminuer avec le nouveau cycle WLTC. Innovations : l&#8217;autonomie, la vitesse maximale ainsi que la puissance de la partie \u00e9lectrique augmentent. Les v\u00e9hicules \u00e0 biocarburants Les v\u00e9hicules \u00e0 biocarburants (biodiesel, bio\u00e9thanol) ne font pas l&#8217;objet d&#8217;un fort engouement ni d&#8217;une forte publicit\u00e9 en Suisse. Ils constituent cependant un moyen peu on\u00e9reux de polluer moins. Les v\u00e9hicules \u00e0 gaz naturel (gaz contenant une part de biogaz) continuent leur progression sur le march\u00e9. En ce qui concerne les voitures de tourisme, ces v\u00e9hicules offrent les m\u00eames performances et le m\u00eame \u00e9quipement que leur homologue essence ou diesel (seul le coffre perd une petite partie de son volume). Innovations : toujours plus de constructeur proposent des versions gaz naturel de leurs v\u00e9hicules. Orientation du march\u00e9 \u2013 D\u00e9veloppement futur Les v\u00e9hicules utilisant des piles \u00e0 combustibles \u00e0 hydrog\u00e8ne sont en d\u00e9veloppement depuis de nombreuses ann\u00e9es. Cela fait \u00e9galement de nombreuses ann\u00e9es que des prototypes ont prouv\u00e9s qu&#8217;il s&#8217;agissait d&#8217;un mode de propulsion fiable et avantageux. Pourquoi voit-on si peu de ces v\u00e9hicules sur nos routes ? Car les infrastructures n\u00e9cessaires \u00e0 la production, au transport et l&#8217;avitaillement de cet hydrog\u00e8ne sont encore peu d\u00e9velopp\u00e9s dans notre pays. Pourtant, cela pourrait changer si l&#8217;on en croit ce qui a \u00e9t\u00e9 vu \u00e0 ce salon de l&#8217;auto 2018 et ce qui est pr\u00e9sent\u00e9 \u00e0 l&#8217;EMPA (voir encadr\u00e9). La v\u00e9ritable nouveaut\u00e9 de ce salon est la pr\u00e9sence pour la premi\u00e8re fois de l&#8217;Union P\u00e9troli\u00e8re suisse. L&#8217;Union P\u00e9troli\u00e8re (UP) repr\u00e9sente avec ses 27 membres, 95% des importations de p\u00e9trole brut et de produits p\u00e9troliers. Sur son stand, en collaboration avec l&#8217;EMPA, l&#8217;Union P\u00e9troli\u00e8re suisse pr\u00e9sentait un d\u00e9monstrateur de station de remplissage \u00e0 hydrog\u00e8ne. Tout comme le gaz naturel, l&#8217;hydrog\u00e8ne souffre d&#8217;un d\u00e9ficit d&#8217;image en mati\u00e8re de s\u00e9curit\u00e9 en raison de [&hellip;]","protected":false},"author":3,"featured_media":3473,"comment_status":"closed","ping_status":"closed","sticky":false,"template":"","format":"standard","meta":{"inline_featured_image":false,"footnotes":""},"categories":[103],"tags":[],"class_list":["post-3471","post","type-post","status-publish","format-standard","has-post-thumbnail","hentry","category-articles-de"],"yoast_head":"<!-- This site is optimized with the Yoast SEO plugin v28.3 - https:\/\/yoast.com\/product\/yoast-seo-wordpress\/ -->\n<title>Salon de l&#039;auto 2018 - Aper\u00e7u des nouveaut\u00e9s - Hymexia - Strat\u00e9gie v\u00e9hicules et machines<\/title>\n<meta name=\"robots\" content=\"index, follow, max-snippet:-1, max-image-preview:large, max-video-preview:-1\" \/>\n<link rel=\"canonical\" href=\"https:\/\/www.hymexia.ch\/de\/salon-de-l-auto-2018-apercu-des-nouveautes\/\" \/>\n<meta property=\"og:locale\" content=\"de_DE\" \/>\n<meta property=\"og:type\" content=\"article\" \/>\n<meta property=\"og:title\" content=\"Salon de l&#039;auto 2018 - Aper\u00e7u des nouveaut\u00e9s - Hymexia - Strat\u00e9gie v\u00e9hicules et machines\" \/>\n<meta property=\"og:description\" content=\"Les usagers de la route, que ce soit au sein d&#8217;une collectivit\u00e9 publique ou dans le cadre priv\u00e9, sont de plus en plus inquiets de leur empreinte \u00e9cologique. Fort de ce constat, les constructeurs ont tous d\u00e9velopp\u00e9s une strat\u00e9gie plus ou moins actives destin\u00e9e soit \u00e0 rassurer l&#8217;utilisateur sur les technologies utilis\u00e9e actuellement soit \u00e0 anticiper ce besoin d&#8217;\u00e9cologie par des innovations. Le salon de l&#8217;auto permet d&#8217;imaginer quelles seront les solutions propos\u00e9es demain et offre une vue d&#8217;ensemble des technologies actuelles. Une r\u00e8glementation toujours plus s\u00e9v\u00e8re Le &#8222;Nouveau cycle europ\u00e9en de conduite&#8220; (ou NEDC en anglais), n&#8217;a de nouveau plus que le nom. Bien qu&#8217;il e\u00fbt le m\u00e9rite de permettre une comparaison de la consommation entre diff\u00e9rents v\u00e9hicules d&#8217;une m\u00eame cat\u00e9gorie, les valeurs mesur\u00e9es lors de ce test ne cessaient, depuis sa mise en vigueur en 1973, de s&#8217;\u00e9loigner de celles constat\u00e9es lors d&#8217;une utilisation en conditions r\u00e9elles. Le WLTP\/WLTC (Worldwide Harmonized Light-Duty Vehicles Test Procedures ou Cycle) qui remplacera d\u00e9finitivement le NEDC en septembre 2018 se veut \u00eatre un test mesurant des consommations plus r\u00e9alistes. Le WLTC comportera notamment des acc\u00e9l\u00e9rations plus franches une vitesse moyenne plus \u00e9lev\u00e9e ainsi que la prise en compte plus honn\u00eate de l&#8217;a\u00e9rodynamique et du poids du v\u00e9hicule (pour un v\u00e9hicule tout option). Les normes anti-pollution sont quant \u00e0 elles en constante \u00e9volution vers des valeurs limites plus restrictives. Pour les moteurs Diesel, d\u00e8s le 1er septembre 2018, seuls des v\u00e9hicules r\u00e9pondant \u00e0 la norme transitoire Euro 6c valable jusqu&#8217;au 1er septembre 2019 pourront \u00eatre vendus, date \u00e0 partir de laquelle la norme Euro 6d-temp entrera en vigueur. D\u00e8s le 1er septembre 2019, les \u00e9missions seront non seulement mesur\u00e9es \u00e0 l&#8217;aide du WLTC mais \u00e9galement avec le RDE. Le RDE (Real Driving Emission test en anglais) est comme son nom l&#8217;indique un test en conditions r\u00e9elles visant \u00e0 v\u00e9rifier les valeurs d&#8217;\u00e9missions de NOx mesur\u00e9es en laboratoire lors du WLTC (ces valeurs ne pourront pas d\u00e9passer celle mesur\u00e9e en laboratoire de plus de 2,1x et de plus de 1.5x d\u00e8s 2021). Tendances actuelles \u2013 Aper\u00e7u des nouveaut\u00e9s Le tout \u00e9lectrique Critiqu\u00e9 par leur manque d&#8217;autonomie et l&#8217;\u00e9nergie grise qu&#8217;engendre la production de leur batterie, les v\u00e9hicules \u00e9lectriques repr\u00e9sentent n\u00e9anmoins une solution viable et \u00e9cologique pour les courts trajet (selon le microrecensement mobilit\u00e9 et transport r\u00e9alis\u00e9 par l&#8217;OFS publi\u00e9 en 2017, la distance moyenne parcourue par jour est de 36.8km). Il faut \u00e9galement remarquer que sur sa dur\u00e9e de vie compl\u00e8te, l&#8217;\u00e9nergie et les ressources n\u00e9cessaires \u00e0 la fabrication du v\u00e9hicule sont compens\u00e9es par la quasi absence de rejets de polluants pendant son utilisation. Innovations : l&#8217;autonomie progresse chez tous les constructeurs. L&#8217;une des innovations majeures est le fait de Mitsubishi. Le constructeur propose des batteries modulaires qui permettent le remplacement d&#8217;un seul \u00e9l\u00e9ment qui serait d\u00e9fectueux ou aurait perdu sa capacit\u00e9 nominale. Cela permet de garder une autonomie raisonnable et de ne changer que l&#8217;\u00e9l\u00e9ment incrimin\u00e9 plut\u00f4t que de devoir remplacer la batterie compl\u00e8te. Les moteurs thermiques \u00e0 basse consommation Parmi les moyens permettant de faire baisser la consommation des v\u00e9hicules &#8222;classiques&#8220; \u00e0 moteur thermique, l&#8217;un d&#8217;entre eux est particuli\u00e8rement r\u00e9pandu depuis maintenant quelques ann\u00e9es, il s&#8217;agit du &#8222;downsizing&#8220;. Cette pratique consiste \u00e0 utiliser des moteurs thermiques \u00e0 faible cylindr\u00e9e parfois suraliment\u00e9s (moteurs turbo), parfois dot\u00e9s de 3 cylindres plut\u00f4t que 4. R\u00e9serv\u00e9 aux petites citadines dans un premier temps (segment Peugeot 107, Citroen C Zero, VW up), cette pratique s&#8217;\u00e9tend au segment sup\u00e9rieur. Le principal avantage de ces moteurs est leur faible consommation de carburant et donc leurs faibles \u00e9missions de CO2. Innovations : Le bruit et les vibrations (pour les moteurs 3 cylindres), et le manque de couple \u00e0 bas r\u00e9gime de ces petits moteurs ne sont plus d&#8217;actualit\u00e9. Les probl\u00e8mes d&#8217;\u00e9quilibrages et de souplesse ont \u00e9t\u00e9 r\u00e9gl\u00e9s. Il est m\u00eame difficile \u00e0 l&#8217;oreille et \u00e0 l&#8217;\u0153il non avertis de distinguer un moteur 3 cylindres d&#8217;un moteur conventionnel 4 cylindre. Les v\u00e9hicules hybrides Les motorisations hybrides permettent de faire diminuer les \u00e9missions tout en maintenant la m\u00eame autonomie. Le nouveau cycle WLTC, plus s\u00e9v\u00e8re et plus rigoureux, risque cependant de faire baisser les r\u00e9sultats parfois excellents des v\u00e9hicules hybrides. En effet, ils \u00e9taient capables de faire une partie du test NEDC en mode &#8222;tout \u00e9lectrique&#8220;, cette part va diminuer avec le nouveau cycle WLTC. Innovations : l&#8217;autonomie, la vitesse maximale ainsi que la puissance de la partie \u00e9lectrique augmentent. Les v\u00e9hicules \u00e0 biocarburants Les v\u00e9hicules \u00e0 biocarburants (biodiesel, bio\u00e9thanol) ne font pas l&#8217;objet d&#8217;un fort engouement ni d&#8217;une forte publicit\u00e9 en Suisse. Ils constituent cependant un moyen peu on\u00e9reux de polluer moins. Les v\u00e9hicules \u00e0 gaz naturel (gaz contenant une part de biogaz) continuent leur progression sur le march\u00e9. En ce qui concerne les voitures de tourisme, ces v\u00e9hicules offrent les m\u00eames performances et le m\u00eame \u00e9quipement que leur homologue essence ou diesel (seul le coffre perd une petite partie de son volume). Innovations : toujours plus de constructeur proposent des versions gaz naturel de leurs v\u00e9hicules. Orientation du march\u00e9 \u2013 D\u00e9veloppement futur Les v\u00e9hicules utilisant des piles \u00e0 combustibles \u00e0 hydrog\u00e8ne sont en d\u00e9veloppement depuis de nombreuses ann\u00e9es. Cela fait \u00e9galement de nombreuses ann\u00e9es que des prototypes ont prouv\u00e9s qu&#8217;il s&#8217;agissait d&#8217;un mode de propulsion fiable et avantageux. Pourquoi voit-on si peu de ces v\u00e9hicules sur nos routes ? Car les infrastructures n\u00e9cessaires \u00e0 la production, au transport et l&#8217;avitaillement de cet hydrog\u00e8ne sont encore peu d\u00e9velopp\u00e9s dans notre pays. Pourtant, cela pourrait changer si l&#8217;on en croit ce qui a \u00e9t\u00e9 vu \u00e0 ce salon de l&#8217;auto 2018 et ce qui est pr\u00e9sent\u00e9 \u00e0 l&#8217;EMPA (voir encadr\u00e9). La v\u00e9ritable nouveaut\u00e9 de ce salon est la pr\u00e9sence pour la premi\u00e8re fois de l&#8217;Union P\u00e9troli\u00e8re suisse. L&#8217;Union P\u00e9troli\u00e8re (UP) repr\u00e9sente avec ses 27 membres, 95% des importations de p\u00e9trole brut et de produits p\u00e9troliers. Sur son stand, en collaboration avec l&#8217;EMPA, l&#8217;Union P\u00e9troli\u00e8re suisse pr\u00e9sentait un d\u00e9monstrateur de station de remplissage \u00e0 hydrog\u00e8ne. Tout comme le gaz naturel, l&#8217;hydrog\u00e8ne souffre d&#8217;un d\u00e9ficit d&#8217;image en mati\u00e8re de s\u00e9curit\u00e9 en raison de [&hellip;]\" \/>\n<meta property=\"og:url\" content=\"https:\/\/www.hymexia.ch\/de\/salon-de-l-auto-2018-apercu-des-nouveautes\/\" \/>\n<meta property=\"og:site_name\" content=\"Hymexia - Strat\u00e9gie v\u00e9hicules et machines\" \/>\n<meta property=\"article:published_time\" content=\"2018-09-24T07:51:11+00:00\" \/>\n<meta property=\"og:image\" content=\"https:\/\/www.hymexia.ch\/wp-content\/uploads\/2018\/11\/RDE_PEMS.jpg\" \/>\n\t<meta property=\"og:image:width\" content=\"1000\" \/>\n\t<meta property=\"og:image:height\" content=\"672\" \/>\n\t<meta property=\"og:image:type\" content=\"image\/jpeg\" \/>\n<meta name=\"author\" content=\"hymexia34\" \/>\n<meta name=\"twitter:card\" content=\"summary_large_image\" \/>\n<meta name=\"twitter:label1\" content=\"Verfasst von\" \/>\n\t<meta name=\"twitter:data1\" content=\"hymexia34\" \/>\n\t<meta name=\"twitter:label2\" content=\"Gesch\u00e4tzte Lesezeit\" \/>\n\t<meta name=\"twitter:data2\" content=\"7\u00a0Minuten\" \/>\n<script type=\"application\/ld+json\" class=\"yoast-schema-graph\">{\"@context\":\"https:\\\/\\\/schema.org\",\"@graph\":[{\"@type\":\"Article\",\"@id\":\"https:\\\/\\\/www.hymexia.ch\\\/de\\\/salon-de-l-auto-2018-apercu-des-nouveautes\\\/#article\",\"isPartOf\":{\"@id\":\"https:\\\/\\\/www.hymexia.ch\\\/de\\\/salon-de-l-auto-2018-apercu-des-nouveautes\\\/\"},\"author\":{\"name\":\"hymexia34\",\"@id\":\"https:\\\/\\\/www.hymexia.ch\\\/de\\\/#\\\/schema\\\/person\\\/5ea5721fcd8edb7b612990ebea46e181\"},\"headline\":\"Salon de l&#8217;auto 2018 &#8211; Aper\u00e7u des nouveaut\u00e9s\",\"datePublished\":\"2018-09-24T07:51:11+00:00\",\"mainEntityOfPage\":{\"@id\":\"https:\\\/\\\/www.hymexia.ch\\\/de\\\/salon-de-l-auto-2018-apercu-des-nouveautes\\\/\"},\"wordCount\":1464,\"publisher\":{\"@id\":\"https:\\\/\\\/www.hymexia.ch\\\/de\\\/#organization\"},\"image\":{\"@id\":\"https:\\\/\\\/www.hymexia.ch\\\/de\\\/salon-de-l-auto-2018-apercu-des-nouveautes\\\/#primaryimage\"},\"thumbnailUrl\":\"https:\\\/\\\/www.hymexia.ch\\\/wp-content\\\/uploads\\\/2018\\\/11\\\/RDE_PEMS.jpg\",\"articleSection\":[\"Articles\"],\"inLanguage\":\"de\"},{\"@type\":\"WebPage\",\"@id\":\"https:\\\/\\\/www.hymexia.ch\\\/de\\\/salon-de-l-auto-2018-apercu-des-nouveautes\\\/\",\"url\":\"https:\\\/\\\/www.hymexia.ch\\\/de\\\/salon-de-l-auto-2018-apercu-des-nouveautes\\\/\",\"name\":\"Salon de l'auto 2018 - Aper\u00e7u des nouveaut\u00e9s - Hymexia - Strat\u00e9gie v\u00e9hicules et machines\",\"isPartOf\":{\"@id\":\"https:\\\/\\\/www.hymexia.ch\\\/de\\\/#website\"},\"primaryImageOfPage\":{\"@id\":\"https:\\\/\\\/www.hymexia.ch\\\/de\\\/salon-de-l-auto-2018-apercu-des-nouveautes\\\/#primaryimage\"},\"image\":{\"@id\":\"https:\\\/\\\/www.hymexia.ch\\\/de\\\/salon-de-l-auto-2018-apercu-des-nouveautes\\\/#primaryimage\"},\"thumbnailUrl\":\"https:\\\/\\\/www.hymexia.ch\\\/wp-content\\\/uploads\\\/2018\\\/11\\\/RDE_PEMS.jpg\",\"datePublished\":\"2018-09-24T07:51:11+00:00\",\"breadcrumb\":{\"@id\":\"https:\\\/\\\/www.hymexia.ch\\\/de\\\/salon-de-l-auto-2018-apercu-des-nouveautes\\\/#breadcrumb\"},\"inLanguage\":\"de\",\"potentialAction\":[{\"@type\":\"ReadAction\",\"target\":[\"https:\\\/\\\/www.hymexia.ch\\\/de\\\/salon-de-l-auto-2018-apercu-des-nouveautes\\\/\"]}]},{\"@type\":\"ImageObject\",\"inLanguage\":\"de\",\"@id\":\"https:\\\/\\\/www.hymexia.ch\\\/de\\\/salon-de-l-auto-2018-apercu-des-nouveautes\\\/#primaryimage\",\"url\":\"https:\\\/\\\/www.hymexia.ch\\\/wp-content\\\/uploads\\\/2018\\\/11\\\/RDE_PEMS.jpg\",\"contentUrl\":\"https:\\\/\\\/www.hymexia.ch\\\/wp-content\\\/uploads\\\/2018\\\/11\\\/RDE_PEMS.jpg\",\"width\":1000,\"height\":672},{\"@type\":\"BreadcrumbList\",\"@id\":\"https:\\\/\\\/www.hymexia.ch\\\/de\\\/salon-de-l-auto-2018-apercu-des-nouveautes\\\/#breadcrumb\",\"itemListElement\":[{\"@type\":\"ListItem\",\"position\":1,\"name\":\"Accueil\",\"item\":\"https:\\\/\\\/www.hymexia.ch\\\/de\\\/\"},{\"@type\":\"ListItem\",\"position\":2,\"name\":\"Salon de l&#8217;auto 2018 &#8211; Aper\u00e7u des nouveaut\u00e9s\"}]},{\"@type\":\"WebSite\",\"@id\":\"https:\\\/\\\/www.hymexia.ch\\\/de\\\/#website\",\"url\":\"https:\\\/\\\/www.hymexia.ch\\\/de\\\/\",\"name\":\"Hymexia - Strat\u00e9gie v\u00e9hicules et machines\",\"description\":\"\",\"publisher\":{\"@id\":\"https:\\\/\\\/www.hymexia.ch\\\/de\\\/#organization\"},\"potentialAction\":[{\"@type\":\"SearchAction\",\"target\":{\"@type\":\"EntryPoint\",\"urlTemplate\":\"https:\\\/\\\/www.hymexia.ch\\\/de\\\/?s={search_term_string}\"},\"query-input\":{\"@type\":\"PropertyValueSpecification\",\"valueRequired\":true,\"valueName\":\"search_term_string\"}}],\"inLanguage\":\"de\"},{\"@type\":\"Organization\",\"@id\":\"https:\\\/\\\/www.hymexia.ch\\\/de\\\/#organization\",\"name\":\"Hymexia - Strat\u00e9gie v\u00e9hicules et machines\",\"url\":\"https:\\\/\\\/www.hymexia.ch\\\/de\\\/\",\"logo\":{\"@type\":\"ImageObject\",\"inLanguage\":\"de\",\"@id\":\"https:\\\/\\\/www.hymexia.ch\\\/de\\\/#\\\/schema\\\/logo\\\/image\\\/\",\"url\":\"https:\\\/\\\/www.hymexia.ch\\\/wp-content\\\/uploads\\\/2018\\\/12\\\/hymexia_logo_150.png\",\"contentUrl\":\"https:\\\/\\\/www.hymexia.ch\\\/wp-content\\\/uploads\\\/2018\\\/12\\\/hymexia_logo_150.png\",\"width\":150,\"height\":27,\"caption\":\"Hymexia - Strat\u00e9gie v\u00e9hicules et machines\"},\"image\":{\"@id\":\"https:\\\/\\\/www.hymexia.ch\\\/de\\\/#\\\/schema\\\/logo\\\/image\\\/\"}},{\"@type\":\"Person\",\"@id\":\"https:\\\/\\\/www.hymexia.ch\\\/de\\\/#\\\/schema\\\/person\\\/5ea5721fcd8edb7b612990ebea46e181\",\"name\":\"hymexia34\",\"url\":\"https:\\\/\\\/www.hymexia.ch\\\/de\\\/author\\\/hymexia34\\\/\"}]}<\/script>\n<!-- \/ Yoast SEO plugin. -->","yoast_head_json":{"title":"Salon de l'auto 2018 - Aper\u00e7u des nouveaut\u00e9s - Hymexia - Strat\u00e9gie v\u00e9hicules et machines","robots":{"index":"index","follow":"follow","max-snippet":"max-snippet:-1","max-image-preview":"max-image-preview:large","max-video-preview":"max-video-preview:-1"},"canonical":"https:\/\/www.hymexia.ch\/de\/salon-de-l-auto-2018-apercu-des-nouveautes\/","og_locale":"de_DE","og_type":"article","og_title":"Salon de l'auto 2018 - Aper\u00e7u des nouveaut\u00e9s - Hymexia - Strat\u00e9gie v\u00e9hicules et machines","og_description":"Les usagers de la route, que ce soit au sein d&#8217;une collectivit\u00e9 publique ou dans le cadre priv\u00e9, sont de plus en plus inquiets de leur empreinte \u00e9cologique. Fort de ce constat, les constructeurs ont tous d\u00e9velopp\u00e9s une strat\u00e9gie plus ou moins actives destin\u00e9e soit \u00e0 rassurer l&#8217;utilisateur sur les technologies utilis\u00e9e actuellement soit \u00e0 anticiper ce besoin d&#8217;\u00e9cologie par des innovations. Le salon de l&#8217;auto permet d&#8217;imaginer quelles seront les solutions propos\u00e9es demain et offre une vue d&#8217;ensemble des technologies actuelles. Une r\u00e8glementation toujours plus s\u00e9v\u00e8re Le &#8222;Nouveau cycle europ\u00e9en de conduite&#8220; (ou NEDC en anglais), n&#8217;a de nouveau plus que le nom. Bien qu&#8217;il e\u00fbt le m\u00e9rite de permettre une comparaison de la consommation entre diff\u00e9rents v\u00e9hicules d&#8217;une m\u00eame cat\u00e9gorie, les valeurs mesur\u00e9es lors de ce test ne cessaient, depuis sa mise en vigueur en 1973, de s&#8217;\u00e9loigner de celles constat\u00e9es lors d&#8217;une utilisation en conditions r\u00e9elles. Le WLTP\/WLTC (Worldwide Harmonized Light-Duty Vehicles Test Procedures ou Cycle) qui remplacera d\u00e9finitivement le NEDC en septembre 2018 se veut \u00eatre un test mesurant des consommations plus r\u00e9alistes. Le WLTC comportera notamment des acc\u00e9l\u00e9rations plus franches une vitesse moyenne plus \u00e9lev\u00e9e ainsi que la prise en compte plus honn\u00eate de l&#8217;a\u00e9rodynamique et du poids du v\u00e9hicule (pour un v\u00e9hicule tout option). Les normes anti-pollution sont quant \u00e0 elles en constante \u00e9volution vers des valeurs limites plus restrictives. Pour les moteurs Diesel, d\u00e8s le 1er septembre 2018, seuls des v\u00e9hicules r\u00e9pondant \u00e0 la norme transitoire Euro 6c valable jusqu&#8217;au 1er septembre 2019 pourront \u00eatre vendus, date \u00e0 partir de laquelle la norme Euro 6d-temp entrera en vigueur. D\u00e8s le 1er septembre 2019, les \u00e9missions seront non seulement mesur\u00e9es \u00e0 l&#8217;aide du WLTC mais \u00e9galement avec le RDE. Le RDE (Real Driving Emission test en anglais) est comme son nom l&#8217;indique un test en conditions r\u00e9elles visant \u00e0 v\u00e9rifier les valeurs d&#8217;\u00e9missions de NOx mesur\u00e9es en laboratoire lors du WLTC (ces valeurs ne pourront pas d\u00e9passer celle mesur\u00e9e en laboratoire de plus de 2,1x et de plus de 1.5x d\u00e8s 2021). Tendances actuelles \u2013 Aper\u00e7u des nouveaut\u00e9s Le tout \u00e9lectrique Critiqu\u00e9 par leur manque d&#8217;autonomie et l&#8217;\u00e9nergie grise qu&#8217;engendre la production de leur batterie, les v\u00e9hicules \u00e9lectriques repr\u00e9sentent n\u00e9anmoins une solution viable et \u00e9cologique pour les courts trajet (selon le microrecensement mobilit\u00e9 et transport r\u00e9alis\u00e9 par l&#8217;OFS publi\u00e9 en 2017, la distance moyenne parcourue par jour est de 36.8km). Il faut \u00e9galement remarquer que sur sa dur\u00e9e de vie compl\u00e8te, l&#8217;\u00e9nergie et les ressources n\u00e9cessaires \u00e0 la fabrication du v\u00e9hicule sont compens\u00e9es par la quasi absence de rejets de polluants pendant son utilisation. Innovations : l&#8217;autonomie progresse chez tous les constructeurs. L&#8217;une des innovations majeures est le fait de Mitsubishi. Le constructeur propose des batteries modulaires qui permettent le remplacement d&#8217;un seul \u00e9l\u00e9ment qui serait d\u00e9fectueux ou aurait perdu sa capacit\u00e9 nominale. Cela permet de garder une autonomie raisonnable et de ne changer que l&#8217;\u00e9l\u00e9ment incrimin\u00e9 plut\u00f4t que de devoir remplacer la batterie compl\u00e8te. Les moteurs thermiques \u00e0 basse consommation Parmi les moyens permettant de faire baisser la consommation des v\u00e9hicules &#8222;classiques&#8220; \u00e0 moteur thermique, l&#8217;un d&#8217;entre eux est particuli\u00e8rement r\u00e9pandu depuis maintenant quelques ann\u00e9es, il s&#8217;agit du &#8222;downsizing&#8220;. Cette pratique consiste \u00e0 utiliser des moteurs thermiques \u00e0 faible cylindr\u00e9e parfois suraliment\u00e9s (moteurs turbo), parfois dot\u00e9s de 3 cylindres plut\u00f4t que 4. R\u00e9serv\u00e9 aux petites citadines dans un premier temps (segment Peugeot 107, Citroen C Zero, VW up), cette pratique s&#8217;\u00e9tend au segment sup\u00e9rieur. Le principal avantage de ces moteurs est leur faible consommation de carburant et donc leurs faibles \u00e9missions de CO2. Innovations : Le bruit et les vibrations (pour les moteurs 3 cylindres), et le manque de couple \u00e0 bas r\u00e9gime de ces petits moteurs ne sont plus d&#8217;actualit\u00e9. Les probl\u00e8mes d&#8217;\u00e9quilibrages et de souplesse ont \u00e9t\u00e9 r\u00e9gl\u00e9s. Il est m\u00eame difficile \u00e0 l&#8217;oreille et \u00e0 l&#8217;\u0153il non avertis de distinguer un moteur 3 cylindres d&#8217;un moteur conventionnel 4 cylindre. Les v\u00e9hicules hybrides Les motorisations hybrides permettent de faire diminuer les \u00e9missions tout en maintenant la m\u00eame autonomie. Le nouveau cycle WLTC, plus s\u00e9v\u00e8re et plus rigoureux, risque cependant de faire baisser les r\u00e9sultats parfois excellents des v\u00e9hicules hybrides. En effet, ils \u00e9taient capables de faire une partie du test NEDC en mode &#8222;tout \u00e9lectrique&#8220;, cette part va diminuer avec le nouveau cycle WLTC. Innovations : l&#8217;autonomie, la vitesse maximale ainsi que la puissance de la partie \u00e9lectrique augmentent. Les v\u00e9hicules \u00e0 biocarburants Les v\u00e9hicules \u00e0 biocarburants (biodiesel, bio\u00e9thanol) ne font pas l&#8217;objet d&#8217;un fort engouement ni d&#8217;une forte publicit\u00e9 en Suisse. Ils constituent cependant un moyen peu on\u00e9reux de polluer moins. Les v\u00e9hicules \u00e0 gaz naturel (gaz contenant une part de biogaz) continuent leur progression sur le march\u00e9. En ce qui concerne les voitures de tourisme, ces v\u00e9hicules offrent les m\u00eames performances et le m\u00eame \u00e9quipement que leur homologue essence ou diesel (seul le coffre perd une petite partie de son volume). Innovations : toujours plus de constructeur proposent des versions gaz naturel de leurs v\u00e9hicules. Orientation du march\u00e9 \u2013 D\u00e9veloppement futur Les v\u00e9hicules utilisant des piles \u00e0 combustibles \u00e0 hydrog\u00e8ne sont en d\u00e9veloppement depuis de nombreuses ann\u00e9es. Cela fait \u00e9galement de nombreuses ann\u00e9es que des prototypes ont prouv\u00e9s qu&#8217;il s&#8217;agissait d&#8217;un mode de propulsion fiable et avantageux. Pourquoi voit-on si peu de ces v\u00e9hicules sur nos routes ? Car les infrastructures n\u00e9cessaires \u00e0 la production, au transport et l&#8217;avitaillement de cet hydrog\u00e8ne sont encore peu d\u00e9velopp\u00e9s dans notre pays. Pourtant, cela pourrait changer si l&#8217;on en croit ce qui a \u00e9t\u00e9 vu \u00e0 ce salon de l&#8217;auto 2018 et ce qui est pr\u00e9sent\u00e9 \u00e0 l&#8217;EMPA (voir encadr\u00e9). La v\u00e9ritable nouveaut\u00e9 de ce salon est la pr\u00e9sence pour la premi\u00e8re fois de l&#8217;Union P\u00e9troli\u00e8re suisse. L&#8217;Union P\u00e9troli\u00e8re (UP) repr\u00e9sente avec ses 27 membres, 95% des importations de p\u00e9trole brut et de produits p\u00e9troliers. Sur son stand, en collaboration avec l&#8217;EMPA, l&#8217;Union P\u00e9troli\u00e8re suisse pr\u00e9sentait un d\u00e9monstrateur de station de remplissage \u00e0 hydrog\u00e8ne. Tout comme le gaz naturel, l&#8217;hydrog\u00e8ne souffre d&#8217;un d\u00e9ficit d&#8217;image en mati\u00e8re de s\u00e9curit\u00e9 en raison de [&hellip;]","og_url":"https:\/\/www.hymexia.ch\/de\/salon-de-l-auto-2018-apercu-des-nouveautes\/","og_site_name":"Hymexia - Strat\u00e9gie v\u00e9hicules et machines","article_published_time":"2018-09-24T07:51:11+00:00","og_image":[{"width":1000,"height":672,"url":"https:\/\/www.hymexia.ch\/wp-content\/uploads\/2018\/11\/RDE_PEMS.jpg","type":"image\/jpeg"}],"author":"hymexia34","twitter_card":"summary_large_image","twitter_misc":{"Verfasst von":"hymexia34","Gesch\u00e4tzte Lesezeit":"7\u00a0Minuten"},"schema":{"@context":"https:\/\/schema.org","@graph":[{"@type":"Article","@id":"https:\/\/www.hymexia.ch\/de\/salon-de-l-auto-2018-apercu-des-nouveautes\/#article","isPartOf":{"@id":"https:\/\/www.hymexia.ch\/de\/salon-de-l-auto-2018-apercu-des-nouveautes\/"},"author":{"name":"hymexia34","@id":"https:\/\/www.hymexia.ch\/de\/#\/schema\/person\/5ea5721fcd8edb7b612990ebea46e181"},"headline":"Salon de l&#8217;auto 2018 &#8211; Aper\u00e7u des nouveaut\u00e9s","datePublished":"2018-09-24T07:51:11+00:00","mainEntityOfPage":{"@id":"https:\/\/www.hymexia.ch\/de\/salon-de-l-auto-2018-apercu-des-nouveautes\/"},"wordCount":1464,"publisher":{"@id":"https:\/\/www.hymexia.ch\/de\/#organization"},"image":{"@id":"https:\/\/www.hymexia.ch\/de\/salon-de-l-auto-2018-apercu-des-nouveautes\/#primaryimage"},"thumbnailUrl":"https:\/\/www.hymexia.ch\/wp-content\/uploads\/2018\/11\/RDE_PEMS.jpg","articleSection":["Articles"],"inLanguage":"de"},{"@type":"WebPage","@id":"https:\/\/www.hymexia.ch\/de\/salon-de-l-auto-2018-apercu-des-nouveautes\/","url":"https:\/\/www.hymexia.ch\/de\/salon-de-l-auto-2018-apercu-des-nouveautes\/","name":"Salon de l'auto 2018 - Aper\u00e7u des nouveaut\u00e9s - Hymexia - Strat\u00e9gie v\u00e9hicules et machines","isPartOf":{"@id":"https:\/\/www.hymexia.ch\/de\/#website"},"primaryImageOfPage":{"@id":"https:\/\/www.hymexia.ch\/de\/salon-de-l-auto-2018-apercu-des-nouveautes\/#primaryimage"},"image":{"@id":"https:\/\/www.hymexia.ch\/de\/salon-de-l-auto-2018-apercu-des-nouveautes\/#primaryimage"},"thumbnailUrl":"https:\/\/www.hymexia.ch\/wp-content\/uploads\/2018\/11\/RDE_PEMS.jpg","datePublished":"2018-09-24T07:51:11+00:00","breadcrumb":{"@id":"https:\/\/www.hymexia.ch\/de\/salon-de-l-auto-2018-apercu-des-nouveautes\/#breadcrumb"},"inLanguage":"de","potentialAction":[{"@type":"ReadAction","target":["https:\/\/www.hymexia.ch\/de\/salon-de-l-auto-2018-apercu-des-nouveautes\/"]}]},{"@type":"ImageObject","inLanguage":"de","@id":"https:\/\/www.hymexia.ch\/de\/salon-de-l-auto-2018-apercu-des-nouveautes\/#primaryimage","url":"https:\/\/www.hymexia.ch\/wp-content\/uploads\/2018\/11\/RDE_PEMS.jpg","contentUrl":"https:\/\/www.hymexia.ch\/wp-content\/uploads\/2018\/11\/RDE_PEMS.jpg","width":1000,"height":672},{"@type":"BreadcrumbList","@id":"https:\/\/www.hymexia.ch\/de\/salon-de-l-auto-2018-apercu-des-nouveautes\/#breadcrumb","itemListElement":[{"@type":"ListItem","position":1,"name":"Accueil","item":"https:\/\/www.hymexia.ch\/de\/"},{"@type":"ListItem","position":2,"name":"Salon de l&#8217;auto 2018 &#8211; Aper\u00e7u des nouveaut\u00e9s"}]},{"@type":"WebSite","@id":"https:\/\/www.hymexia.ch\/de\/#website","url":"https:\/\/www.hymexia.ch\/de\/","name":"Hymexia - Strat\u00e9gie v\u00e9hicules et machines","description":"","publisher":{"@id":"https:\/\/www.hymexia.ch\/de\/#organization"},"potentialAction":[{"@type":"SearchAction","target":{"@type":"EntryPoint","urlTemplate":"https:\/\/www.hymexia.ch\/de\/?s={search_term_string}"},"query-input":{"@type":"PropertyValueSpecification","valueRequired":true,"valueName":"search_term_string"}}],"inLanguage":"de"},{"@type":"Organization","@id":"https:\/\/www.hymexia.ch\/de\/#organization","name":"Hymexia - Strat\u00e9gie v\u00e9hicules et machines","url":"https:\/\/www.hymexia.ch\/de\/","logo":{"@type":"ImageObject","inLanguage":"de","@id":"https:\/\/www.hymexia.ch\/de\/#\/schema\/logo\/image\/","url":"https:\/\/www.hymexia.ch\/wp-content\/uploads\/2018\/12\/hymexia_logo_150.png","contentUrl":"https:\/\/www.hymexia.ch\/wp-content\/uploads\/2018\/12\/hymexia_logo_150.png","width":150,"height":27,"caption":"Hymexia - Strat\u00e9gie v\u00e9hicules et machines"},"image":{"@id":"https:\/\/www.hymexia.ch\/de\/#\/schema\/logo\/image\/"}},{"@type":"Person","@id":"https:\/\/www.hymexia.ch\/de\/#\/schema\/person\/5ea5721fcd8edb7b612990ebea46e181","name":"hymexia34","url":"https:\/\/www.hymexia.ch\/de\/author\/hymexia34\/"}]}},"views":4495,"_links":{"self":[{"href":"https:\/\/www.hymexia.ch\/de\/wp-json\/wp\/v2\/posts\/3471","targetHints":{"allow":["GET"]}}],"collection":[{"href":"https:\/\/www.hymexia.ch\/de\/wp-json\/wp\/v2\/posts"}],"about":[{"href":"https:\/\/www.hymexia.ch\/de\/wp-json\/wp\/v2\/types\/post"}],"author":[{"embeddable":true,"href":"https:\/\/www.hymexia.ch\/de\/wp-json\/wp\/v2\/users\/3"}],"replies":[{"embeddable":true,"href":"https:\/\/www.hymexia.ch\/de\/wp-json\/wp\/v2\/comments?post=3471"}],"version-history":[{"count":0,"href":"https:\/\/www.hymexia.ch\/de\/wp-json\/wp\/v2\/posts\/3471\/revisions"}],"wp:featuredmedia":[{"embeddable":true,"href":"https:\/\/www.hymexia.ch\/de\/wp-json\/wp\/v2\/media\/3473"}],"wp:attachment":[{"href":"https:\/\/www.hymexia.ch\/de\/wp-json\/wp\/v2\/media?parent=3471"}],"wp:term":[{"taxonomy":"category","embeddable":true,"href":"https:\/\/www.hymexia.ch\/de\/wp-json\/wp\/v2\/categories?post=3471"},{"taxonomy":"post_tag","embeddable":true,"href":"https:\/\/www.hymexia.ch\/de\/wp-json\/wp\/v2\/tags?post=3471"}],"curies":[{"name":"wp","href":"https:\/\/api.w.org\/{rel}","templated":true}]}}