{"id":3477,"date":"2017-10-10T03:38:49","date_gmt":"2017-10-10T01:38:49","guid":{"rendered":"https:\/\/www.hymexia.ch\/2017\/10\/10\/garantie-lors-de-achat-ou-la-vente-d-un-vehicule\/"},"modified":"2020-09-25T16:06:46","modified_gmt":"2020-09-25T14:06:46","slug":"garantie-lors-de-achat-ou-la-vente-d-un-vehicule","status":"publish","type":"post","link":"https:\/\/www.hymexia.ch\/de\/garantie-lors-de-achat-ou-la-vente-d-un-vehicule\/","title":{"rendered":"Garantie lors de l&#8217;achat o\u00f9 la vente d&#8217;un v\u00e9hicule"},"content":{"rendered":"<h4><span style=\"color: #000000;\">Comment comprendre la garantie lorsque l\u2019on ach\u00e8te un v\u00e9hicule ?<\/span><\/h4>\n<p><span style=\"color: #000000;\"><strong><u>Pr\u00e9ambule\u00a0:<\/u><\/strong><\/span><\/p>\n<p style=\"text-align: justify;\"><span style=\"color: #000000;\">Le 1<sup>er<\/sup> janvier 2013, l&#8217;article 210 du code des obligations suisse (abr\u00e9g\u00e9 ci-apr\u00e8s CO) a \u00e9t\u00e9 modifi\u00e9. Cet article r\u00e8gle la dur\u00e9e de prescription de la garantie en cas de d\u00e9faut de la chose. La dur\u00e9e minimale de la garantie est ainsi pass\u00e9e de 1 ann\u00e9e \u00e0 2 ans. Il convient cependant de distinguer les trois cas ci-dessous.<\/span><\/p>\n<hr \/>\n<ol>\n<li><span style=\"color: #000000;\"><strong><u>Achat d\u2019un v\u00e9hicule neuf :<\/u><\/strong><\/span><\/li>\n<\/ol>\n<p style=\"text-align: justify;\"><span style=\"color: #000000;\">La garantie pour les d\u00e9fauts de la chose est au minimum de 2 ans \u00e0 compter de la livraison faite \u00e0 l\u2019acheteur, m\u00eame si ce dernier ne d\u00e9couvre pas les d\u00e9fauts imm\u00e9diatement.<\/span><\/p>\n<p style=\"text-align: justify;\"><span style=\"color: #000000;\">Le vendeur professionnel n\u2019a plus la possibilit\u00e9 de raccourcir ce d\u00e9lai dans le contrat de vente. Il peut cependant exclure totalement la garantie dans une clause contractuelle \u00e0 condition qu&#8217;il n&#8217;ait pas dissimul\u00e9 les d\u00e9fauts de la chose<a style=\"color: #000000;\" href=\"#_ftn1\" name=\"_ftnref1\">[1]<\/a>. De plus la garantie peut \u00eatre modul\u00e9e, pr\u00e9voir par exemple, uniquement un droit de r\u00e9paration sans remboursement ou une r\u00e9duction de prix.<\/span><\/p>\n<p style=\"text-align: justify;\"><span style=\"color: #000000;\">Concernant les ventes d\u2019entreprise \u00e0 entreprise, le d\u00e9lai de garantie peut \u00eatre r\u00e9duit \u00e0 un an par exemple. Cela implique qu\u2019un fabricant peut vendre son produit \u00e0 un revendeur professionnel avec une garantie d\u2019une ann\u00e9e mais le revendeur qui vendra ce m\u00eame produit \u00e0 un consommateur priv\u00e9, devra lui appliquer un d\u00e9lai de garantie de deux ans. Le revendeur a donc la possibilit\u00e9 d\u2019exclure sa garantie l\u00e9gale et n\u2019offrir aux clients que la garantie plus courte du fabricant.<\/span><\/p>\n<p style=\"text-align: left;\"><span style=\"color: #999999;\"><em><a style=\"color: #999999;\" href=\"#_ftnref1\" name=\"_ftn1\">[1]<\/a> Voir Article 199 CO :<span style=\"color: #0000ff;\"> <a style=\"color: #0000ff;\" href=\"https:\/\/www.admin.ch\/opc\/fr\/classified-compilation\/19110009\/index.html#a199\">https:\/\/www.admin.ch\/opc\/fr\/classified-compilation\/19110009\/index.html#a199<\/a><\/span><\/em><\/span><\/p>\n<hr \/>\n<ol start=\"2\">\n<li><span style=\"color: #000000;\"><strong><u>Achat d\u2019un v\u00e9hicule d&#8217;occasion :<\/u><\/strong><\/span><\/li>\n<\/ol>\n<p style=\"text-align: justify;\"><span style=\"color: #000000;\">Si aucune clause ne stipule la dur\u00e9e de la garantie, c&#8217;est la garantie l\u00e9gale de 2 ans qui s&#8217;applique. Si une clause le stipule, la garantie peut \u00eatre r\u00e9duite \u00e0 1 ann\u00e9e et peut aussi \u00eatre exclue.<\/span><\/p>\n<p style=\"text-align: justify;\"><span style=\"color: #000000;\">Dans le cas de l&#8217;achat d&#8217;un v\u00e9hicule d&#8217;occasion de particulier \u00e0 particulier, le vendeur peut fixer la dur\u00e9e de garantie comme bon lui semble ou l&#8217;exclure.<\/span><\/p>\n<p style=\"text-align: justify;\"><span style=\"color: #000000;\">Si des d\u00e9fauts cach\u00e9s apparaissent, un contrat sign\u00e9 avec une garantie restreinte n\u2019est pas valable et vous pouvez exiger r\u00e9paration.<\/span><\/p>\n<hr \/>\n<ol start=\"3\">\n<li><span style=\"color: #000000;\"><strong><u>Vente d&#8217;un v\u00e9hicule d&#8217;occasion par un particulier :<\/u><\/strong><\/span><\/li>\n<\/ol>\n<p style=\"text-align: justify;\"><span style=\"color: #000000;\">Si vous revendez votre voiture et que vous ne d\u00e9sirez pas fournir de garantie parce qu\u2019il s\u2019agit d\u2019une reprise, d\u2019un v\u00e9hicule remplac\u00e9 par un v\u00e9hicule neuf, il faut stipuler par exemple\u00a0:<\/span><\/p>\n<ul>\n<li style=\"list-style-type: none;\">\n<ul>\n<li style=\"text-align: justify;\"><span style=\"color: #000000;\"><strong>Le v\u00e9hicule est vendu sans qualit\u00e9 promise, avec ces d\u00e9fauts.<\/strong><\/span><\/li>\n<\/ul>\n<\/li>\n<\/ul>\n<ul>\n<li style=\"list-style-type: none;\">\n<ul>\n<li style=\"text-align: justify;\"><span style=\"color: #000000;\"><strong>Le v\u00e9hicule est vendu en tant qu\u2019\u00e9pave.<\/strong><\/span><\/li>\n<\/ul>\n<\/li>\n<\/ul>\n<ul>\n<li style=\"text-align: justify;\"><span style=\"color: #000000;\"><strong>Toute garantie est exclue dans la mesure o\u00f9 cela est autoris\u00e9 par la loi, et notamment toute action en r\u00e9dhibition ou en r\u00e9duction du prix.<\/strong><\/span><\/li>\n<\/ul>\n<p><span style=\"color: #000000;\">Ces clauses inscrites sur le contrat ne sont valables que si la vente respecte le code des obligations. Tromperie, vice cach\u00e9, etc. peuvent mener \u00e0 une annulation de celles-ci.<\/span><\/p>\n<p><span style=\"color: #000000;\">L\u2019expression \u00ab\u00a0vendu en l\u2019\u00e9tat\u00a0\u00bb n\u2019est valable que pour les d\u00e9fauts constat\u00e9s lors de la vente.<\/span><\/p>\n<p style=\"text-align: justify;\"><span style=\"color: #000000;\"><strong>Sans mention de la part du vendeur, il est consid\u00e9r\u00e9 que la garantie pratiqu\u00e9e est de 2 ans.<\/strong><\/span><\/p>\n<hr \/>\n<p><span style=\"color: #000000;\"><strong><u>En r\u00e9sum\u00e9 :<\/u><\/strong><\/span><\/p>\n<p style=\"text-align: justify;\"><span style=\"color: #000000;\">Les articles 197 et suivants du CO r\u00e9gissant les dur\u00e9es et les conditions de garantie mentionn\u00e9es dans le tableau ci-dessous sont des lois de nature dispositive. Cela signifie qu&#8217;en le mentionnant dans une clause, le vendeur peut s&#8217;\u00e9carter voire rendre caduque les conditions de garantie mentionn\u00e9es dans le CO. Toutefois, la plupart des vendeurs professionnels respectent ces dur\u00e9es et conditions car il pourrait \u00eatre consid\u00e9r\u00e9 qu&#8217;ils violent l&#8217;article l\u2019art. 8 de la loi contre la concurrence d\u00e9loyale (LCD). Les contrats de vente d&#8217;entreprise \u00e0 entreprise ne sont quant \u00e0 eux pas r\u00e9gis par le code des obligations.<\/span><\/p>\n<p><span style=\"color: #000000;\"><a style=\"color: #000000;\" href=\"https:\/\/www.hymexia.ch\/wp-content\/uploads\/2017\/10\/tableau_garantie.svg\"><img loading=\"lazy\" decoding=\"async\" class=\"alignnone wp-image-2030\" src=\"https:\/\/www.hymexia.ch\/wp-content\/uploads\/2017\/10\/tableau_garantie.svg\" alt=\"\" width=\"666\" height=\"232\" \/><\/a><\/span><\/p>\n<hr \/>\n<h4 style=\"text-align: justify;\"><span style=\"color: #000000;\"><strong>Sources \/ Liens utiles :<\/strong><\/span><\/h4>\n<p style=\"text-align: left;\"><em><span style=\"color: #000000;\">CO, articles 197 et suivants :<\/span><\/em><br \/>\n<span style=\"color: #0000ff;\"><em><a style=\"color: #0000ff;\" href=\"https:\/\/www.admin.ch\/opc\/fr\/classified-compilation\/19110009\/index.html#a197\">https:\/\/www.admin.ch\/opc\/fr\/classified-compilation\/19110009\/index.html#a197<\/a><\/em><\/span><\/p>\n<p style=\"text-align: left;\"><em><span style=\"color: #000000;\">Portail PME, Nouveau droit de la garantie :<\/span><\/em><br \/>\n<span style=\"color: #0000ff;\"><em><a style=\"color: #0000ff;\" href=\"https:\/\/www.kmu.admin.ch\/kmu\/fr\/home\/actuel\/modifications-legislatives\/nouveau-droit-de-la-garantie-1-1-2013.html\">https:\/\/www.kmu.admin.ch\/kmu\/fr\/home\/actuel\/modifications-legislatives\/nouveau-droit-de-la-garantie-1-1-2013.html<\/a><\/em><\/span><\/p>\n<p style=\"text-align: left;\"><em><span style=\"color: #000000;\">ch.ch, Comment faire face \u00e0 un produit qui pr\u00e9sente un d\u00e9faut ? :<\/span><\/em><br \/>\n<span style=\"color: #0000ff;\"><em><a style=\"color: #0000ff;\" href=\"https:\/\/www.ch.ch\/fr\/garantie-produits-achetes\">https:\/\/www.ch.ch\/fr\/garantie-produits-achetes<\/a><\/em><\/span><\/p>\n<hr \/>\n<h4><a href=\"https:\/\/www.hymexia.ch\/wp-content\/uploads\/2018\/09\/Garantie-l%C3%A9gale-Hymexia.pdf\" target=\"_blank\" rel=\"noopener noreferrer\"><img loading=\"lazy\" decoding=\"async\" class=\"alignnone wp-image-2276\" src=\"https:\/\/www.hymexia.ch\/wp-content\/uploads\/2018\/09\/pdf.svg\" alt=\"\" width=\"41\" height=\"648\" \/><\/a>\u00a0<a href=\"https:\/\/www.hymexia.ch\/wp-content\/uploads\/2018\/09\/Garantie-l%C3%A9gale-Hymexia.pdf\" target=\"_blank\" rel=\"noopener noreferrer\">T\u00e9l\u00e9charger la version pdf de cet article<\/a><\/h4>\n","protected":false},"excerpt":{"rendered":"Comment comprendre la garantie lorsque l\u2019on ach\u00e8te un v\u00e9hicule ? Pr\u00e9ambule\u00a0: Le 1er janvier 2013, l&#8217;article 210 du code des obligations suisse (abr\u00e9g\u00e9 ci-apr\u00e8s CO) a \u00e9t\u00e9 modifi\u00e9. Cet article r\u00e8gle la dur\u00e9e de prescription de la garantie en cas de d\u00e9faut de la chose. La dur\u00e9e minimale de la garantie est ainsi pass\u00e9e de 1 ann\u00e9e \u00e0 2 ans. Il convient cependant de distinguer les trois cas ci-dessous. Achat d\u2019un v\u00e9hicule neuf : La garantie pour les d\u00e9fauts de la chose est au minimum de 2 ans \u00e0 compter de la livraison faite \u00e0 l\u2019acheteur, m\u00eame si ce dernier ne d\u00e9couvre pas les d\u00e9fauts imm\u00e9diatement. Le vendeur professionnel n\u2019a plus la possibilit\u00e9 de raccourcir ce d\u00e9lai dans le contrat de vente. Il peut cependant exclure totalement la garantie dans une clause contractuelle \u00e0 condition qu&#8217;il n&#8217;ait pas dissimul\u00e9 les d\u00e9fauts de la chose[1]. De plus la garantie peut \u00eatre modul\u00e9e, pr\u00e9voir par exemple, uniquement un droit de r\u00e9paration sans remboursement ou une r\u00e9duction de prix. Concernant les ventes d\u2019entreprise \u00e0 entreprise, le d\u00e9lai de garantie peut \u00eatre r\u00e9duit \u00e0 un an par exemple. Cela implique qu\u2019un fabricant peut vendre son produit \u00e0 un revendeur professionnel avec une garantie d\u2019une ann\u00e9e mais le revendeur qui vendra ce m\u00eame produit \u00e0 un consommateur priv\u00e9, devra lui appliquer un d\u00e9lai de garantie de deux ans. Le revendeur a donc la possibilit\u00e9 d\u2019exclure sa garantie l\u00e9gale et n\u2019offrir aux clients que la garantie plus courte du fabricant. [1] Voir Article 199 CO : https:\/\/www.admin.ch\/opc\/fr\/classified-compilation\/19110009\/index.html#a199 Achat d\u2019un v\u00e9hicule d&#8217;occasion : Si aucune clause ne stipule la dur\u00e9e de la garantie, c&#8217;est la garantie l\u00e9gale de 2 ans qui s&#8217;applique. Si une clause le stipule, la garantie peut \u00eatre r\u00e9duite \u00e0 1 ann\u00e9e et peut aussi \u00eatre exclue. Dans le cas de l&#8217;achat d&#8217;un v\u00e9hicule d&#8217;occasion de particulier \u00e0 particulier, le vendeur peut fixer la dur\u00e9e de garantie comme bon lui semble ou l&#8217;exclure. Si des d\u00e9fauts cach\u00e9s apparaissent, un contrat sign\u00e9 avec une garantie restreinte n\u2019est pas valable et vous pouvez exiger r\u00e9paration. Vente d&#8217;un v\u00e9hicule d&#8217;occasion par un particulier : Si vous revendez votre voiture et que vous ne d\u00e9sirez pas fournir de garantie parce qu\u2019il s\u2019agit d\u2019une reprise, d\u2019un v\u00e9hicule remplac\u00e9 par un v\u00e9hicule neuf, il faut stipuler par exemple\u00a0: Le v\u00e9hicule est vendu sans qualit\u00e9 promise, avec ces d\u00e9fauts. Le v\u00e9hicule est vendu en tant qu\u2019\u00e9pave. Toute garantie est exclue dans la mesure o\u00f9 cela est autoris\u00e9 par la loi, et notamment toute action en r\u00e9dhibition ou en r\u00e9duction du prix. Ces clauses inscrites sur le contrat ne sont valables que si la vente respecte le code des obligations. Tromperie, vice cach\u00e9, etc. peuvent mener \u00e0 une annulation de celles-ci. L\u2019expression \u00ab\u00a0vendu en l\u2019\u00e9tat\u00a0\u00bb n\u2019est valable que pour les d\u00e9fauts constat\u00e9s lors de la vente. Sans mention de la part du vendeur, il est consid\u00e9r\u00e9 que la garantie pratiqu\u00e9e est de 2 ans. En r\u00e9sum\u00e9 : Les articles 197 et suivants du CO r\u00e9gissant les dur\u00e9es et les conditions de garantie mentionn\u00e9es dans le tableau ci-dessous sont des lois de nature dispositive. Cela signifie qu&#8217;en le mentionnant dans une clause, le vendeur peut s&#8217;\u00e9carter voire rendre caduque les conditions de garantie mentionn\u00e9es dans le CO. Toutefois, la plupart des vendeurs professionnels respectent ces dur\u00e9es et conditions car il pourrait \u00eatre consid\u00e9r\u00e9 qu&#8217;ils violent l&#8217;article l\u2019art. 8 de la loi contre la concurrence d\u00e9loyale (LCD). Les contrats de vente d&#8217;entreprise \u00e0 entreprise ne sont quant \u00e0 eux pas r\u00e9gis par le code des obligations. Sources \/ Liens utiles : CO, articles 197 et suivants : https:\/\/www.admin.ch\/opc\/fr\/classified-compilation\/19110009\/index.html#a197 Portail PME, Nouveau droit de la garantie : https:\/\/www.kmu.admin.ch\/kmu\/fr\/home\/actuel\/modifications-legislatives\/nouveau-droit-de-la-garantie-1-1-2013.html ch.ch, Comment faire face \u00e0 un produit qui pr\u00e9sente un d\u00e9faut ? : https:\/\/www.ch.ch\/fr\/garantie-produits-achetes \u00a0T\u00e9l\u00e9charger la version pdf de cet article","protected":false},"author":3,"featured_media":3479,"comment_status":"closed","ping_status":"closed","sticky":false,"template":"","format":"standard","meta":{"inline_featured_image":false,"footnotes":""},"categories":[103],"tags":[131,132,133,134,135],"class_list":["post-3477","post","type-post","status-publish","format-standard","has-post-thumbnail","hentry","category-articles-de","tag-garantie-de","tag-neuf-de","tag-occasion-de","tag-vehicule-de","tag-vente-de"],"yoast_head":"<!-- This site is optimized with the Yoast SEO plugin v28.3 - https:\/\/yoast.com\/product\/yoast-seo-wordpress\/ -->\n<title>Garantie lors de l&#039;achat o\u00f9 la vente d&#039;un v\u00e9hicule - Hymexia - Strat\u00e9gie v\u00e9hicules et machines<\/title>\n<meta name=\"robots\" content=\"index, follow, max-snippet:-1, max-image-preview:large, max-video-preview:-1\" \/>\n<link rel=\"canonical\" href=\"https:\/\/www.hymexia.ch\/de\/garantie-lors-de-achat-ou-la-vente-d-un-vehicule\/\" \/>\n<meta property=\"og:locale\" content=\"de_DE\" \/>\n<meta property=\"og:type\" content=\"article\" \/>\n<meta property=\"og:title\" content=\"Garantie lors de l&#039;achat o\u00f9 la vente d&#039;un v\u00e9hicule - Hymexia - Strat\u00e9gie v\u00e9hicules et machines\" \/>\n<meta property=\"og:description\" content=\"Comment comprendre la garantie lorsque l\u2019on ach\u00e8te un v\u00e9hicule ? Pr\u00e9ambule\u00a0: Le 1er janvier 2013, l&#8217;article 210 du code des obligations suisse (abr\u00e9g\u00e9 ci-apr\u00e8s CO) a \u00e9t\u00e9 modifi\u00e9. Cet article r\u00e8gle la dur\u00e9e de prescription de la garantie en cas de d\u00e9faut de la chose. La dur\u00e9e minimale de la garantie est ainsi pass\u00e9e de 1 ann\u00e9e \u00e0 2 ans. Il convient cependant de distinguer les trois cas ci-dessous. Achat d\u2019un v\u00e9hicule neuf : La garantie pour les d\u00e9fauts de la chose est au minimum de 2 ans \u00e0 compter de la livraison faite \u00e0 l\u2019acheteur, m\u00eame si ce dernier ne d\u00e9couvre pas les d\u00e9fauts imm\u00e9diatement. Le vendeur professionnel n\u2019a plus la possibilit\u00e9 de raccourcir ce d\u00e9lai dans le contrat de vente. Il peut cependant exclure totalement la garantie dans une clause contractuelle \u00e0 condition qu&#8217;il n&#8217;ait pas dissimul\u00e9 les d\u00e9fauts de la chose[1]. De plus la garantie peut \u00eatre modul\u00e9e, pr\u00e9voir par exemple, uniquement un droit de r\u00e9paration sans remboursement ou une r\u00e9duction de prix. Concernant les ventes d\u2019entreprise \u00e0 entreprise, le d\u00e9lai de garantie peut \u00eatre r\u00e9duit \u00e0 un an par exemple. Cela implique qu\u2019un fabricant peut vendre son produit \u00e0 un revendeur professionnel avec une garantie d\u2019une ann\u00e9e mais le revendeur qui vendra ce m\u00eame produit \u00e0 un consommateur priv\u00e9, devra lui appliquer un d\u00e9lai de garantie de deux ans. Le revendeur a donc la possibilit\u00e9 d\u2019exclure sa garantie l\u00e9gale et n\u2019offrir aux clients que la garantie plus courte du fabricant. [1] Voir Article 199 CO : https:\/\/www.admin.ch\/opc\/fr\/classified-compilation\/19110009\/index.html#a199 Achat d\u2019un v\u00e9hicule d&#8217;occasion : Si aucune clause ne stipule la dur\u00e9e de la garantie, c&#8217;est la garantie l\u00e9gale de 2 ans qui s&#8217;applique. Si une clause le stipule, la garantie peut \u00eatre r\u00e9duite \u00e0 1 ann\u00e9e et peut aussi \u00eatre exclue. Dans le cas de l&#8217;achat d&#8217;un v\u00e9hicule d&#8217;occasion de particulier \u00e0 particulier, le vendeur peut fixer la dur\u00e9e de garantie comme bon lui semble ou l&#8217;exclure. Si des d\u00e9fauts cach\u00e9s apparaissent, un contrat sign\u00e9 avec une garantie restreinte n\u2019est pas valable et vous pouvez exiger r\u00e9paration. Vente d&#8217;un v\u00e9hicule d&#8217;occasion par un particulier : Si vous revendez votre voiture et que vous ne d\u00e9sirez pas fournir de garantie parce qu\u2019il s\u2019agit d\u2019une reprise, d\u2019un v\u00e9hicule remplac\u00e9 par un v\u00e9hicule neuf, il faut stipuler par exemple\u00a0: Le v\u00e9hicule est vendu sans qualit\u00e9 promise, avec ces d\u00e9fauts. Le v\u00e9hicule est vendu en tant qu\u2019\u00e9pave. Toute garantie est exclue dans la mesure o\u00f9 cela est autoris\u00e9 par la loi, et notamment toute action en r\u00e9dhibition ou en r\u00e9duction du prix. Ces clauses inscrites sur le contrat ne sont valables que si la vente respecte le code des obligations. Tromperie, vice cach\u00e9, etc. peuvent mener \u00e0 une annulation de celles-ci. L\u2019expression \u00ab\u00a0vendu en l\u2019\u00e9tat\u00a0\u00bb n\u2019est valable que pour les d\u00e9fauts constat\u00e9s lors de la vente. Sans mention de la part du vendeur, il est consid\u00e9r\u00e9 que la garantie pratiqu\u00e9e est de 2 ans. En r\u00e9sum\u00e9 : Les articles 197 et suivants du CO r\u00e9gissant les dur\u00e9es et les conditions de garantie mentionn\u00e9es dans le tableau ci-dessous sont des lois de nature dispositive. Cela signifie qu&#8217;en le mentionnant dans une clause, le vendeur peut s&#8217;\u00e9carter voire rendre caduque les conditions de garantie mentionn\u00e9es dans le CO. Toutefois, la plupart des vendeurs professionnels respectent ces dur\u00e9es et conditions car il pourrait \u00eatre consid\u00e9r\u00e9 qu&#8217;ils violent l&#8217;article l\u2019art. 8 de la loi contre la concurrence d\u00e9loyale (LCD). Les contrats de vente d&#8217;entreprise \u00e0 entreprise ne sont quant \u00e0 eux pas r\u00e9gis par le code des obligations. Sources \/ Liens utiles : CO, articles 197 et suivants : https:\/\/www.admin.ch\/opc\/fr\/classified-compilation\/19110009\/index.html#a197 Portail PME, Nouveau droit de la garantie : https:\/\/www.kmu.admin.ch\/kmu\/fr\/home\/actuel\/modifications-legislatives\/nouveau-droit-de-la-garantie-1-1-2013.html ch.ch, Comment faire face \u00e0 un produit qui pr\u00e9sente un d\u00e9faut ? : https:\/\/www.ch.ch\/fr\/garantie-produits-achetes \u00a0T\u00e9l\u00e9charger la version pdf de cet article\" \/>\n<meta property=\"og:url\" content=\"https:\/\/www.hymexia.ch\/de\/garantie-lors-de-achat-ou-la-vente-d-un-vehicule\/\" \/>\n<meta property=\"og:site_name\" content=\"Hymexia - Strat\u00e9gie v\u00e9hicules et machines\" \/>\n<meta property=\"article:published_time\" content=\"2017-10-10T01:38:49+00:00\" \/>\n<meta property=\"article:modified_time\" content=\"2020-09-25T14:06:46+00:00\" \/>\n<meta name=\"author\" content=\"hymexia34\" \/>\n<meta name=\"twitter:card\" content=\"summary_large_image\" \/>\n<meta name=\"twitter:label1\" content=\"Verfasst von\" \/>\n\t<meta name=\"twitter:data1\" content=\"hymexia34\" \/>\n\t<meta name=\"twitter:label2\" content=\"Gesch\u00e4tzte Lesezeit\" \/>\n\t<meta name=\"twitter:data2\" content=\"4\u00a0Minuten\" \/>\n<script type=\"application\/ld+json\" class=\"yoast-schema-graph\">{\"@context\":\"https:\\\/\\\/schema.org\",\"@graph\":[{\"@type\":\"Article\",\"@id\":\"https:\\\/\\\/www.hymexia.ch\\\/de\\\/garantie-lors-de-achat-ou-la-vente-d-un-vehicule\\\/#article\",\"isPartOf\":{\"@id\":\"https:\\\/\\\/www.hymexia.ch\\\/de\\\/garantie-lors-de-achat-ou-la-vente-d-un-vehicule\\\/\"},\"author\":{\"name\":\"hymexia34\",\"@id\":\"https:\\\/\\\/www.hymexia.ch\\\/de\\\/#\\\/schema\\\/person\\\/5ea5721fcd8edb7b612990ebea46e181\"},\"headline\":\"Garantie lors de l&#8217;achat o\u00f9 la vente d&#8217;un v\u00e9hicule\",\"datePublished\":\"2017-10-10T01:38:49+00:00\",\"dateModified\":\"2020-09-25T14:06:46+00:00\",\"mainEntityOfPage\":{\"@id\":\"https:\\\/\\\/www.hymexia.ch\\\/de\\\/garantie-lors-de-achat-ou-la-vente-d-un-vehicule\\\/\"},\"wordCount\":736,\"publisher\":{\"@id\":\"https:\\\/\\\/www.hymexia.ch\\\/de\\\/#organization\"},\"image\":{\"@id\":\"https:\\\/\\\/www.hymexia.ch\\\/de\\\/garantie-lors-de-achat-ou-la-vente-d-un-vehicule\\\/#primaryimage\"},\"thumbnailUrl\":\"https:\\\/\\\/www.hymexia.ch\\\/wp-content\\\/uploads\\\/2017\\\/10\\\/garantie_legale.svg\",\"keywords\":[\"garantie\",\"neuf\",\"occasion\",\"v\u00e9hicule\",\"vente\"],\"articleSection\":[\"Articles\"],\"inLanguage\":\"de\"},{\"@type\":\"WebPage\",\"@id\":\"https:\\\/\\\/www.hymexia.ch\\\/de\\\/garantie-lors-de-achat-ou-la-vente-d-un-vehicule\\\/\",\"url\":\"https:\\\/\\\/www.hymexia.ch\\\/de\\\/garantie-lors-de-achat-ou-la-vente-d-un-vehicule\\\/\",\"name\":\"Garantie lors de l'achat o\u00f9 la vente d'un v\u00e9hicule - Hymexia - Strat\u00e9gie v\u00e9hicules et machines\",\"isPartOf\":{\"@id\":\"https:\\\/\\\/www.hymexia.ch\\\/de\\\/#website\"},\"primaryImageOfPage\":{\"@id\":\"https:\\\/\\\/www.hymexia.ch\\\/de\\\/garantie-lors-de-achat-ou-la-vente-d-un-vehicule\\\/#primaryimage\"},\"image\":{\"@id\":\"https:\\\/\\\/www.hymexia.ch\\\/de\\\/garantie-lors-de-achat-ou-la-vente-d-un-vehicule\\\/#primaryimage\"},\"thumbnailUrl\":\"https:\\\/\\\/www.hymexia.ch\\\/wp-content\\\/uploads\\\/2017\\\/10\\\/garantie_legale.svg\",\"datePublished\":\"2017-10-10T01:38:49+00:00\",\"dateModified\":\"2020-09-25T14:06:46+00:00\",\"breadcrumb\":{\"@id\":\"https:\\\/\\\/www.hymexia.ch\\\/de\\\/garantie-lors-de-achat-ou-la-vente-d-un-vehicule\\\/#breadcrumb\"},\"inLanguage\":\"de\",\"potentialAction\":[{\"@type\":\"ReadAction\",\"target\":[\"https:\\\/\\\/www.hymexia.ch\\\/de\\\/garantie-lors-de-achat-ou-la-vente-d-un-vehicule\\\/\"]}]},{\"@type\":\"ImageObject\",\"inLanguage\":\"de\",\"@id\":\"https:\\\/\\\/www.hymexia.ch\\\/de\\\/garantie-lors-de-achat-ou-la-vente-d-un-vehicule\\\/#primaryimage\",\"url\":\"https:\\\/\\\/www.hymexia.ch\\\/wp-content\\\/uploads\\\/2017\\\/10\\\/garantie_legale.svg\",\"contentUrl\":\"https:\\\/\\\/www.hymexia.ch\\\/wp-content\\\/uploads\\\/2017\\\/10\\\/garantie_legale.svg\"},{\"@type\":\"BreadcrumbList\",\"@id\":\"https:\\\/\\\/www.hymexia.ch\\\/de\\\/garantie-lors-de-achat-ou-la-vente-d-un-vehicule\\\/#breadcrumb\",\"itemListElement\":[{\"@type\":\"ListItem\",\"position\":1,\"name\":\"Accueil\",\"item\":\"https:\\\/\\\/www.hymexia.ch\\\/de\\\/\"},{\"@type\":\"ListItem\",\"position\":2,\"name\":\"Garantie lors de l&#8217;achat o\u00f9 la vente d&#8217;un v\u00e9hicule\"}]},{\"@type\":\"WebSite\",\"@id\":\"https:\\\/\\\/www.hymexia.ch\\\/de\\\/#website\",\"url\":\"https:\\\/\\\/www.hymexia.ch\\\/de\\\/\",\"name\":\"Hymexia - Strat\u00e9gie v\u00e9hicules et machines\",\"description\":\"\",\"publisher\":{\"@id\":\"https:\\\/\\\/www.hymexia.ch\\\/de\\\/#organization\"},\"potentialAction\":[{\"@type\":\"SearchAction\",\"target\":{\"@type\":\"EntryPoint\",\"urlTemplate\":\"https:\\\/\\\/www.hymexia.ch\\\/de\\\/?s={search_term_string}\"},\"query-input\":{\"@type\":\"PropertyValueSpecification\",\"valueRequired\":true,\"valueName\":\"search_term_string\"}}],\"inLanguage\":\"de\"},{\"@type\":\"Organization\",\"@id\":\"https:\\\/\\\/www.hymexia.ch\\\/de\\\/#organization\",\"name\":\"Hymexia - Strat\u00e9gie v\u00e9hicules et machines\",\"url\":\"https:\\\/\\\/www.hymexia.ch\\\/de\\\/\",\"logo\":{\"@type\":\"ImageObject\",\"inLanguage\":\"de\",\"@id\":\"https:\\\/\\\/www.hymexia.ch\\\/de\\\/#\\\/schema\\\/logo\\\/image\\\/\",\"url\":\"https:\\\/\\\/www.hymexia.ch\\\/wp-content\\\/uploads\\\/2018\\\/12\\\/hymexia_logo_150.png\",\"contentUrl\":\"https:\\\/\\\/www.hymexia.ch\\\/wp-content\\\/uploads\\\/2018\\\/12\\\/hymexia_logo_150.png\",\"width\":150,\"height\":27,\"caption\":\"Hymexia - Strat\u00e9gie v\u00e9hicules et machines\"},\"image\":{\"@id\":\"https:\\\/\\\/www.hymexia.ch\\\/de\\\/#\\\/schema\\\/logo\\\/image\\\/\"}},{\"@type\":\"Person\",\"@id\":\"https:\\\/\\\/www.hymexia.ch\\\/de\\\/#\\\/schema\\\/person\\\/5ea5721fcd8edb7b612990ebea46e181\",\"name\":\"hymexia34\",\"url\":\"https:\\\/\\\/www.hymexia.ch\\\/de\\\/author\\\/hymexia34\\\/\"}]}<\/script>\n<!-- \/ Yoast SEO plugin. -->","yoast_head_json":{"title":"Garantie lors de l'achat o\u00f9 la vente d'un v\u00e9hicule - Hymexia - Strat\u00e9gie v\u00e9hicules et machines","robots":{"index":"index","follow":"follow","max-snippet":"max-snippet:-1","max-image-preview":"max-image-preview:large","max-video-preview":"max-video-preview:-1"},"canonical":"https:\/\/www.hymexia.ch\/de\/garantie-lors-de-achat-ou-la-vente-d-un-vehicule\/","og_locale":"de_DE","og_type":"article","og_title":"Garantie lors de l'achat o\u00f9 la vente d'un v\u00e9hicule - Hymexia - Strat\u00e9gie v\u00e9hicules et machines","og_description":"Comment comprendre la garantie lorsque l\u2019on ach\u00e8te un v\u00e9hicule ? Pr\u00e9ambule\u00a0: Le 1er janvier 2013, l&#8217;article 210 du code des obligations suisse (abr\u00e9g\u00e9 ci-apr\u00e8s CO) a \u00e9t\u00e9 modifi\u00e9. Cet article r\u00e8gle la dur\u00e9e de prescription de la garantie en cas de d\u00e9faut de la chose. La dur\u00e9e minimale de la garantie est ainsi pass\u00e9e de 1 ann\u00e9e \u00e0 2 ans. Il convient cependant de distinguer les trois cas ci-dessous. Achat d\u2019un v\u00e9hicule neuf : La garantie pour les d\u00e9fauts de la chose est au minimum de 2 ans \u00e0 compter de la livraison faite \u00e0 l\u2019acheteur, m\u00eame si ce dernier ne d\u00e9couvre pas les d\u00e9fauts imm\u00e9diatement. Le vendeur professionnel n\u2019a plus la possibilit\u00e9 de raccourcir ce d\u00e9lai dans le contrat de vente. Il peut cependant exclure totalement la garantie dans une clause contractuelle \u00e0 condition qu&#8217;il n&#8217;ait pas dissimul\u00e9 les d\u00e9fauts de la chose[1]. De plus la garantie peut \u00eatre modul\u00e9e, pr\u00e9voir par exemple, uniquement un droit de r\u00e9paration sans remboursement ou une r\u00e9duction de prix. Concernant les ventes d\u2019entreprise \u00e0 entreprise, le d\u00e9lai de garantie peut \u00eatre r\u00e9duit \u00e0 un an par exemple. Cela implique qu\u2019un fabricant peut vendre son produit \u00e0 un revendeur professionnel avec une garantie d\u2019une ann\u00e9e mais le revendeur qui vendra ce m\u00eame produit \u00e0 un consommateur priv\u00e9, devra lui appliquer un d\u00e9lai de garantie de deux ans. Le revendeur a donc la possibilit\u00e9 d\u2019exclure sa garantie l\u00e9gale et n\u2019offrir aux clients que la garantie plus courte du fabricant. [1] Voir Article 199 CO : https:\/\/www.admin.ch\/opc\/fr\/classified-compilation\/19110009\/index.html#a199 Achat d\u2019un v\u00e9hicule d&#8217;occasion : Si aucune clause ne stipule la dur\u00e9e de la garantie, c&#8217;est la garantie l\u00e9gale de 2 ans qui s&#8217;applique. Si une clause le stipule, la garantie peut \u00eatre r\u00e9duite \u00e0 1 ann\u00e9e et peut aussi \u00eatre exclue. Dans le cas de l&#8217;achat d&#8217;un v\u00e9hicule d&#8217;occasion de particulier \u00e0 particulier, le vendeur peut fixer la dur\u00e9e de garantie comme bon lui semble ou l&#8217;exclure. Si des d\u00e9fauts cach\u00e9s apparaissent, un contrat sign\u00e9 avec une garantie restreinte n\u2019est pas valable et vous pouvez exiger r\u00e9paration. Vente d&#8217;un v\u00e9hicule d&#8217;occasion par un particulier : Si vous revendez votre voiture et que vous ne d\u00e9sirez pas fournir de garantie parce qu\u2019il s\u2019agit d\u2019une reprise, d\u2019un v\u00e9hicule remplac\u00e9 par un v\u00e9hicule neuf, il faut stipuler par exemple\u00a0: Le v\u00e9hicule est vendu sans qualit\u00e9 promise, avec ces d\u00e9fauts. Le v\u00e9hicule est vendu en tant qu\u2019\u00e9pave. Toute garantie est exclue dans la mesure o\u00f9 cela est autoris\u00e9 par la loi, et notamment toute action en r\u00e9dhibition ou en r\u00e9duction du prix. Ces clauses inscrites sur le contrat ne sont valables que si la vente respecte le code des obligations. Tromperie, vice cach\u00e9, etc. peuvent mener \u00e0 une annulation de celles-ci. L\u2019expression \u00ab\u00a0vendu en l\u2019\u00e9tat\u00a0\u00bb n\u2019est valable que pour les d\u00e9fauts constat\u00e9s lors de la vente. Sans mention de la part du vendeur, il est consid\u00e9r\u00e9 que la garantie pratiqu\u00e9e est de 2 ans. En r\u00e9sum\u00e9 : Les articles 197 et suivants du CO r\u00e9gissant les dur\u00e9es et les conditions de garantie mentionn\u00e9es dans le tableau ci-dessous sont des lois de nature dispositive. Cela signifie qu&#8217;en le mentionnant dans une clause, le vendeur peut s&#8217;\u00e9carter voire rendre caduque les conditions de garantie mentionn\u00e9es dans le CO. Toutefois, la plupart des vendeurs professionnels respectent ces dur\u00e9es et conditions car il pourrait \u00eatre consid\u00e9r\u00e9 qu&#8217;ils violent l&#8217;article l\u2019art. 8 de la loi contre la concurrence d\u00e9loyale (LCD). Les contrats de vente d&#8217;entreprise \u00e0 entreprise ne sont quant \u00e0 eux pas r\u00e9gis par le code des obligations. Sources \/ Liens utiles : CO, articles 197 et suivants : https:\/\/www.admin.ch\/opc\/fr\/classified-compilation\/19110009\/index.html#a197 Portail PME, Nouveau droit de la garantie : https:\/\/www.kmu.admin.ch\/kmu\/fr\/home\/actuel\/modifications-legislatives\/nouveau-droit-de-la-garantie-1-1-2013.html ch.ch, Comment faire face \u00e0 un produit qui pr\u00e9sente un d\u00e9faut ? : https:\/\/www.ch.ch\/fr\/garantie-produits-achetes \u00a0T\u00e9l\u00e9charger la version pdf de cet article","og_url":"https:\/\/www.hymexia.ch\/de\/garantie-lors-de-achat-ou-la-vente-d-un-vehicule\/","og_site_name":"Hymexia - Strat\u00e9gie v\u00e9hicules et machines","article_published_time":"2017-10-10T01:38:49+00:00","article_modified_time":"2020-09-25T14:06:46+00:00","author":"hymexia34","twitter_card":"summary_large_image","twitter_misc":{"Verfasst von":"hymexia34","Gesch\u00e4tzte Lesezeit":"4\u00a0Minuten"},"schema":{"@context":"https:\/\/schema.org","@graph":[{"@type":"Article","@id":"https:\/\/www.hymexia.ch\/de\/garantie-lors-de-achat-ou-la-vente-d-un-vehicule\/#article","isPartOf":{"@id":"https:\/\/www.hymexia.ch\/de\/garantie-lors-de-achat-ou-la-vente-d-un-vehicule\/"},"author":{"name":"hymexia34","@id":"https:\/\/www.hymexia.ch\/de\/#\/schema\/person\/5ea5721fcd8edb7b612990ebea46e181"},"headline":"Garantie lors de l&#8217;achat o\u00f9 la vente d&#8217;un v\u00e9hicule","datePublished":"2017-10-10T01:38:49+00:00","dateModified":"2020-09-25T14:06:46+00:00","mainEntityOfPage":{"@id":"https:\/\/www.hymexia.ch\/de\/garantie-lors-de-achat-ou-la-vente-d-un-vehicule\/"},"wordCount":736,"publisher":{"@id":"https:\/\/www.hymexia.ch\/de\/#organization"},"image":{"@id":"https:\/\/www.hymexia.ch\/de\/garantie-lors-de-achat-ou-la-vente-d-un-vehicule\/#primaryimage"},"thumbnailUrl":"https:\/\/www.hymexia.ch\/wp-content\/uploads\/2017\/10\/garantie_legale.svg","keywords":["garantie","neuf","occasion","v\u00e9hicule","vente"],"articleSection":["Articles"],"inLanguage":"de"},{"@type":"WebPage","@id":"https:\/\/www.hymexia.ch\/de\/garantie-lors-de-achat-ou-la-vente-d-un-vehicule\/","url":"https:\/\/www.hymexia.ch\/de\/garantie-lors-de-achat-ou-la-vente-d-un-vehicule\/","name":"Garantie lors de l'achat o\u00f9 la vente d'un v\u00e9hicule - Hymexia - Strat\u00e9gie v\u00e9hicules et machines","isPartOf":{"@id":"https:\/\/www.hymexia.ch\/de\/#website"},"primaryImageOfPage":{"@id":"https:\/\/www.hymexia.ch\/de\/garantie-lors-de-achat-ou-la-vente-d-un-vehicule\/#primaryimage"},"image":{"@id":"https:\/\/www.hymexia.ch\/de\/garantie-lors-de-achat-ou-la-vente-d-un-vehicule\/#primaryimage"},"thumbnailUrl":"https:\/\/www.hymexia.ch\/wp-content\/uploads\/2017\/10\/garantie_legale.svg","datePublished":"2017-10-10T01:38:49+00:00","dateModified":"2020-09-25T14:06:46+00:00","breadcrumb":{"@id":"https:\/\/www.hymexia.ch\/de\/garantie-lors-de-achat-ou-la-vente-d-un-vehicule\/#breadcrumb"},"inLanguage":"de","potentialAction":[{"@type":"ReadAction","target":["https:\/\/www.hymexia.ch\/de\/garantie-lors-de-achat-ou-la-vente-d-un-vehicule\/"]}]},{"@type":"ImageObject","inLanguage":"de","@id":"https:\/\/www.hymexia.ch\/de\/garantie-lors-de-achat-ou-la-vente-d-un-vehicule\/#primaryimage","url":"https:\/\/www.hymexia.ch\/wp-content\/uploads\/2017\/10\/garantie_legale.svg","contentUrl":"https:\/\/www.hymexia.ch\/wp-content\/uploads\/2017\/10\/garantie_legale.svg"},{"@type":"BreadcrumbList","@id":"https:\/\/www.hymexia.ch\/de\/garantie-lors-de-achat-ou-la-vente-d-un-vehicule\/#breadcrumb","itemListElement":[{"@type":"ListItem","position":1,"name":"Accueil","item":"https:\/\/www.hymexia.ch\/de\/"},{"@type":"ListItem","position":2,"name":"Garantie lors de l&#8217;achat o\u00f9 la vente d&#8217;un v\u00e9hicule"}]},{"@type":"WebSite","@id":"https:\/\/www.hymexia.ch\/de\/#website","url":"https:\/\/www.hymexia.ch\/de\/","name":"Hymexia - Strat\u00e9gie v\u00e9hicules et machines","description":"","publisher":{"@id":"https:\/\/www.hymexia.ch\/de\/#organization"},"potentialAction":[{"@type":"SearchAction","target":{"@type":"EntryPoint","urlTemplate":"https:\/\/www.hymexia.ch\/de\/?s={search_term_string}"},"query-input":{"@type":"PropertyValueSpecification","valueRequired":true,"valueName":"search_term_string"}}],"inLanguage":"de"},{"@type":"Organization","@id":"https:\/\/www.hymexia.ch\/de\/#organization","name":"Hymexia - Strat\u00e9gie v\u00e9hicules et machines","url":"https:\/\/www.hymexia.ch\/de\/","logo":{"@type":"ImageObject","inLanguage":"de","@id":"https:\/\/www.hymexia.ch\/de\/#\/schema\/logo\/image\/","url":"https:\/\/www.hymexia.ch\/wp-content\/uploads\/2018\/12\/hymexia_logo_150.png","contentUrl":"https:\/\/www.hymexia.ch\/wp-content\/uploads\/2018\/12\/hymexia_logo_150.png","width":150,"height":27,"caption":"Hymexia - Strat\u00e9gie v\u00e9hicules et machines"},"image":{"@id":"https:\/\/www.hymexia.ch\/de\/#\/schema\/logo\/image\/"}},{"@type":"Person","@id":"https:\/\/www.hymexia.ch\/de\/#\/schema\/person\/5ea5721fcd8edb7b612990ebea46e181","name":"hymexia34","url":"https:\/\/www.hymexia.ch\/de\/author\/hymexia34\/"}]}},"views":5007,"_links":{"self":[{"href":"https:\/\/www.hymexia.ch\/de\/wp-json\/wp\/v2\/posts\/3477","targetHints":{"allow":["GET"]}}],"collection":[{"href":"https:\/\/www.hymexia.ch\/de\/wp-json\/wp\/v2\/posts"}],"about":[{"href":"https:\/\/www.hymexia.ch\/de\/wp-json\/wp\/v2\/types\/post"}],"author":[{"embeddable":true,"href":"https:\/\/www.hymexia.ch\/de\/wp-json\/wp\/v2\/users\/3"}],"replies":[{"embeddable":true,"href":"https:\/\/www.hymexia.ch\/de\/wp-json\/wp\/v2\/comments?post=3477"}],"version-history":[{"count":1,"href":"https:\/\/www.hymexia.ch\/de\/wp-json\/wp\/v2\/posts\/3477\/revisions"}],"predecessor-version":[{"id":3481,"href":"https:\/\/www.hymexia.ch\/de\/wp-json\/wp\/v2\/posts\/3477\/revisions\/3481"}],"wp:featuredmedia":[{"embeddable":true,"href":"https:\/\/www.hymexia.ch\/de\/wp-json\/wp\/v2\/media\/3479"}],"wp:attachment":[{"href":"https:\/\/www.hymexia.ch\/de\/wp-json\/wp\/v2\/media?parent=3477"}],"wp:term":[{"taxonomy":"category","embeddable":true,"href":"https:\/\/www.hymexia.ch\/de\/wp-json\/wp\/v2\/categories?post=3477"},{"taxonomy":"post_tag","embeddable":true,"href":"https:\/\/www.hymexia.ch\/de\/wp-json\/wp\/v2\/tags?post=3477"}],"curies":[{"name":"wp","href":"https:\/\/api.w.org\/{rel}","templated":true}]}}